{"id":34047,"date":"2025-02-13T14:10:14","date_gmt":"2025-02-13T20:10:14","guid":{"rendered":"https:\/\/gerardoduque.com.mx\/?p=34047"},"modified":"2025-02-13T14:10:20","modified_gmt":"2025-02-13T20:10:20","slug":"gobierno-del-estado-advierte-que-no-hay-dinero-para-pagar-a-medicos-jubilados","status":"publish","type":"post","link":"https:\/\/gerardoduque.com.mx\/?p=34047","title":{"rendered":"GOBIERNO DEL ESTADO ADVIERTE QUE \u00abNO HAY DINERO\u00bb PARA PAGAR A M\u00c9DICOS JUBILADOS"},"content":{"rendered":"\n<p>M\u00e9dicos jubilados del Hospital Central \u201cIgnacio Morones Prieto\u201d se movilizaron al mediod\u00eda de este jueves en la capital potosina. &nbsp;<\/p>\n\n\n\n<p>Dicen estar inconformes debido a que el Gobierno del Estado les mantiene suspendido el pago de sus pensiones.<\/p>\n\n\n\n<p>Desde enero los afectados denunciaron la situaci\u00f3n ante la administraci\u00f3n estatal, y tambi\u00e9n lo hicieron del conocimiento p\u00fablico.<\/p>\n\n\n\n<p>Fue entonces que las autoridades en San Luis Potos\u00ed les una soluci\u00f3n inmediata al problema, pero no les cumplieron.<\/p>\n\n\n\n<p>Ahora el Gobierno del Estado les ha informado que \u201cno tiene dinero\u201d.<\/p>\n\n\n\n<p>La administraci\u00f3n que encabeza Ricardo Gallardo Cardona argumenta que el sistema de salud ahora es manejado por el gobierno federal a trav\u00e9s del sistema IMSS \u2013 Bienestar.<\/p>\n\n\n\n<p>Los manifestantes son m\u00e9dicos que prestaron sus servicios por m\u00e1s de tres d\u00e9cadas.<\/p>\n\n\n\n<p>En la manifestaci\u00f3n fueron respaldados por estudiantes y m\u00e9dicos en activo.<\/p>\n","protected":false},"excerpt":{"rendered":"<p>Este jueves hubo manifestaci\u00f3n frente al Hospital Central <\/p>\n","protected":false},"author":4,"featured_media":34049,"comment_status":"closed","ping_status":"closed","sticky":false,"template":"","format":"standard","meta":{"_et_pb_use_builder":"off","_et_pb_old_content":"","_et_gb_content_width":"","footnotes":""},"categories":[412,62],"tags":[],"class_list":["post-34047","post","type-post","status-publish","format-standard","has-post-thumbnail","hentry","category-destacado","category-redaccion"],"_links":{"self":[{"href":"https:\/\/gerardoduque.com.mx\/index.php?rest_route=\/wp\/v2\/posts\/34047","targetHints":{"allow":["GET"]}}],"collection":[{"href":"https:\/\/gerardoduque.com.mx\/index.php?rest_route=\/wp\/v2\/posts"}],"about":[{"href":"https:\/\/gerardoduque.com.mx\/index.php?rest_route=\/wp\/v2\/types\/post"}],"author":[{"embeddable":true,"href":"https:\/\/gerardoduque.com.mx\/index.php?rest_route=\/wp\/v2\/users\/4"}],"replies":[{"embeddable":true,"href":"https:\/\/gerardoduque.com.mx\/index.php?rest_route=%2Fwp%2Fv2%2Fcomments&post=34047"}],"version-history":[{"count":0,"href":"https:\/\/gerardoduque.com.mx\/index.php?rest_route=\/wp\/v2\/posts\/34047\/revisions"}],"wp:featuredmedia":[{"embeddable":true,"href":"https:\/\/gerardoduque.com.mx\/index.php?rest_route=\/wp\/v2\/media\/34049"}],"wp:attachment":[{"href":"https:\/\/gerardoduque.com.mx\/index.php?rest_route=%2Fwp%2Fv2%2Fmedia&parent=34047"}],"wp:term":[{"taxonomy":"category","embeddable":true,"href":"https:\/\/gerardoduque.com.mx\/index.php?rest_route=%2Fwp%2Fv2%2Fcategories&post=34047"},{"taxonomy":"post_tag","embeddable":true,"href":"https:\/\/gerardoduque.com.mx\/index.php?rest_route=%2Fwp%2Fv2%2Ftags&post=34047"}],"curies":[{"name":"wp","href":"https:\/\/api.w.org\/{rel}","templated":true}]}}