{"id":34013,"date":"2025-02-12T22:30:59","date_gmt":"2025-02-13T04:30:59","guid":{"rendered":"https:\/\/gerardoduque.com.mx\/?p=34013"},"modified":"2025-02-12T22:31:04","modified_gmt":"2025-02-13T04:31:04","slug":"ejecutivo-realiza-proceso-de-insaculacion-para-elegir-a-personas-juzgadoras-del-poder-judicial","status":"publish","type":"post","link":"https:\/\/gerardoduque.com.mx\/?p=34013","title":{"rendered":"EJECUTIVO REALIZA PROCESO DE INSACULACI\u00d3N PARA ELEGIR A PERSONAS JUZGADORAS DEL PODER JUDICIAL"},"content":{"rendered":"\n<p>El Comit\u00e9 de Evaluaci\u00f3n del Poder Ejecutivo del Estado realiz\u00f3 el proceso de insaculaci\u00f3n para integrar el listado final de duplas por cada cargo a elegir para el proceso de elecci\u00f3n de personas juzgadoras del Poder Judicial del Estado.<\/p>\n\n\n\n<p>Como resultado de la insaculaci\u00f3n, el Poder Ejecutivo postular\u00e1 a las y los candidatos id\u00f3neos y mejor evaluados para participar en la elecci\u00f3n extraordinaria 2025 que ser\u00e1 un pilar para el fortalecimiento en todo el pa\u00eds.<\/p>\n\n\n\n<p>Garantizando elegir a los perfiles id\u00f3neos para un Poder Judicial al servicio de la Ley y la Justicia, as\u00ed como de las y los potosinos, como fue la encomienda del gobernador Ricardo Gallardo Cardona, en la sesi\u00f3n ordinaria del Comit\u00e9 de Evaluaci\u00f3n que se realiz\u00f3 en el auditorio Pedro Antonio de los Santos de Palacio de Gobierno, se llev\u00f3 a cabo el proceso de insaculaci\u00f3n, el cual, se apeg\u00f3 a la convocatoria y los tiempos marcados en la misma, dijo la presidenta del Comit\u00e9, Olga Regina Garcia L\u00f3pez, quien estuvo acompa\u00f1ada de los integrantes Jos\u00e9 Antonio Aguilar Reyes y Francisco Eduardo Rubio Guerrero. De igual forma, estuvo presente el notario p\u00fablico 13, Jes\u00fas Antonio \u00c1vila Chalita.<\/p>\n\n\n\n<p>La presidenta del Comit\u00e9 precis\u00f3 que para este proceso de insaculaci\u00f3n se determinar\u00e1n dos duplas de mujeres Magistradas para el Tribunal de Disciplina Judicial y sus suplentes; dos duplas de sexo indistinto para una magistratura del Tribunal de Disciplina Judicial con su suplencia y una dupla de juzgadores de primera instancia judicial del Tercer Distrito del Estado y suplentes.<\/p>\n\n\n\n<p>En el resto de los cargos, no fue necesario realizar proceso de insaculaci\u00f3n.<\/p>\n\n\n\n<p>En el proceso de insaculaci\u00f3n del Poder Ejecutivo, se determin\u00f3 que continuar\u00e1n en este proceso:<\/p>\n\n\n\n<p>Magistratura (Mujer) del Tribunal de Disciplina Judicial: Aurora Padr\u00f3n Rivera y Luz Adriana Miranda Tello; Magistratura (Mujer) del Tribunal de Disciplina Judicial: Zelandia Borquez Estrada y Giovanna Hern\u00e1ndez V\u00e1zquez, suplente Marcela Patricia G\u00f3mez S\u00e1nchez.<\/p>\n\n\n\n<p>En la dupla de Magistraturas (indistintas) del Tribunal de Disciplina Judicial se nombr\u00f3 a:<\/p>\n\n\n\n<p>Alfonso Mart\u00ednez Mart\u00ednez y Austreberto Regil Gonz\u00e1lez, teniendo como suplentes a: Hugo Javier Salda\u00f1a Rodr\u00edguez y Jes\u00fas Gerardo Tapia Estrada.<\/p>\n\n\n\n<p>En el cargo de juzgadores de Primera Instancia de lo Familiar, del Tercer Distrito Judicial del Estado, integran la dupla: Eduardo Mena V\u00e1zquez y Abraham Mart\u00edn Gonz\u00e1lez Jim\u00e9nez, quedando en reserva Homero Benjam\u00edn Garc\u00eda Hamvacu\u00e1n.<\/p>\n","protected":false},"excerpt":{"rendered":"<p>Los mejor evaluados van a participar en la elecci\u00f3n extraordinaria 2025 <\/p>\n","protected":false},"author":4,"featured_media":34014,"comment_status":"closed","ping_status":"closed","sticky":false,"template":"","format":"standard","meta":{"_et_pb_use_builder":"off","_et_pb_old_content":"","_et_gb_content_width":"","footnotes":""},"categories":[412,62],"tags":[],"class_list":["post-34013","post","type-post","status-publish","format-standard","has-post-thumbnail","hentry","category-destacado","category-redaccion"],"_links":{"self":[{"href":"https:\/\/gerardoduque.com.mx\/index.php?rest_route=\/wp\/v2\/posts\/34013","targetHints":{"allow":["GET"]}}],"collection":[{"href":"https:\/\/gerardoduque.com.mx\/index.php?rest_route=\/wp\/v2\/posts"}],"about":[{"href":"https:\/\/gerardoduque.com.mx\/index.php?rest_route=\/wp\/v2\/types\/post"}],"author":[{"embeddable":true,"href":"https:\/\/gerardoduque.com.mx\/index.php?rest_route=\/wp\/v2\/users\/4"}],"replies":[{"embeddable":true,"href":"https:\/\/gerardoduque.com.mx\/index.php?rest_route=%2Fwp%2Fv2%2Fcomments&post=34013"}],"version-history":[{"count":0,"href":"https:\/\/gerardoduque.com.mx\/index.php?rest_route=\/wp\/v2\/posts\/34013\/revisions"}],"wp:featuredmedia":[{"embeddable":true,"href":"https:\/\/gerardoduque.com.mx\/index.php?rest_route=\/wp\/v2\/media\/34014"}],"wp:attachment":[{"href":"https:\/\/gerardoduque.com.mx\/index.php?rest_route=%2Fwp%2Fv2%2Fmedia&parent=34013"}],"wp:term":[{"taxonomy":"category","embeddable":true,"href":"https:\/\/gerardoduque.com.mx\/index.php?rest_route=%2Fwp%2Fv2%2Fcategories&post=34013"},{"taxonomy":"post_tag","embeddable":true,"href":"https:\/\/gerardoduque.com.mx\/index.php?rest_route=%2Fwp%2Fv2%2Ftags&post=34013"}],"curies":[{"name":"wp","href":"https:\/\/api.w.org\/{rel}","templated":true}]}}