{"id":34005,"date":"2025-02-12T21:18:00","date_gmt":"2025-02-13T03:18:00","guid":{"rendered":"https:\/\/gerardoduque.com.mx\/?p=34005"},"modified":"2025-02-12T21:18:04","modified_gmt":"2025-02-13T03:18:04","slug":"restos-hallados-en-zaragoza-son-de-daniela-martell","status":"publish","type":"post","link":"https:\/\/gerardoduque.com.mx\/?p=34005","title":{"rendered":"RESTOS HALLADOS EN ZARAGOZA SON DE DANIELA MARTELL"},"content":{"rendered":"\n<p>La Fiscal\u00eda General del Estado de San Luis Potos\u00ed inform\u00f3 esta tarde que, de acuerdo al dictamen emitido por la Vicefiscal\u00eda Cient\u00edfica, se obtuvo que los restos \u00f3seos que fueron localizados en el municipio de Zaragoza, San Luis Potos\u00ed, y analizados por el Laboratorio de Gen\u00e9tica Forense de la Fiscal\u00eda, corresponden a la v\u00edctima D.M.O., quien fue vista por \u00faltima ocasi\u00f3n (con vida) el pasado 6 de enero de 2025. Dicha informaci\u00f3n ha sido previamente proporcionada a los familiares directos de la v\u00edctima.<\/p>\n\n\n\n<p>Asimismo, la Fiscal\u00eda General del Estado comunica, que a virtud de la denuncia levantada por los familiares, se abri\u00f3 e integr\u00f3 la carpeta de investigaci\u00f3n correspondiente, y posteriormente, reunidos los datos de prueba suficientes, se solicit\u00f3 a la autoridad judicial la orden de aprehensi\u00f3n respectiva, en contra de cinco personas que presuntamente participaron en los hechos, mandamiento que fue obsequiado y debidamente cumplimentado en las primeras horas del d\u00eda de hoy mi\u00e9rcoles 12 de febrero, por su probable responsabilidad en los delitos de secuestro agravado y otros delitos vinculados con la desaparici\u00f3n de personas, pues de acuerdo a los hechos, presuntamente privaron de su libertad a la v\u00edctima, y posteriormente le privaron de la vida.<\/p>\n\n\n\n<p>Dichos imputados fueron informados del motivo de su detenci\u00f3n, junto con los derechos que les asisten, y fueron puestos a disposici\u00f3n del Juez de Control y de Tribunal de Juicio Oral para llevar a cabo la audiencia inicial el d\u00eda de ma\u00f1ana jueves, y definir su situaci\u00f3n jur\u00eddica en las pr\u00f3ximas horas.<\/p>\n","protected":false},"excerpt":{"rendered":"<p>Confirma la FGE <\/p>\n","protected":false},"author":4,"featured_media":34006,"comment_status":"closed","ping_status":"closed","sticky":false,"template":"","format":"standard","meta":{"_et_pb_use_builder":"off","_et_pb_old_content":"","_et_gb_content_width":"","footnotes":""},"categories":[412,62],"tags":[],"class_list":["post-34005","post","type-post","status-publish","format-standard","has-post-thumbnail","hentry","category-destacado","category-redaccion"],"_links":{"self":[{"href":"https:\/\/gerardoduque.com.mx\/index.php?rest_route=\/wp\/v2\/posts\/34005","targetHints":{"allow":["GET"]}}],"collection":[{"href":"https:\/\/gerardoduque.com.mx\/index.php?rest_route=\/wp\/v2\/posts"}],"about":[{"href":"https:\/\/gerardoduque.com.mx\/index.php?rest_route=\/wp\/v2\/types\/post"}],"author":[{"embeddable":true,"href":"https:\/\/gerardoduque.com.mx\/index.php?rest_route=\/wp\/v2\/users\/4"}],"replies":[{"embeddable":true,"href":"https:\/\/gerardoduque.com.mx\/index.php?rest_route=%2Fwp%2Fv2%2Fcomments&post=34005"}],"version-history":[{"count":0,"href":"https:\/\/gerardoduque.com.mx\/index.php?rest_route=\/wp\/v2\/posts\/34005\/revisions"}],"wp:featuredmedia":[{"embeddable":true,"href":"https:\/\/gerardoduque.com.mx\/index.php?rest_route=\/wp\/v2\/media\/34006"}],"wp:attachment":[{"href":"https:\/\/gerardoduque.com.mx\/index.php?rest_route=%2Fwp%2Fv2%2Fmedia&parent=34005"}],"wp:term":[{"taxonomy":"category","embeddable":true,"href":"https:\/\/gerardoduque.com.mx\/index.php?rest_route=%2Fwp%2Fv2%2Fcategories&post=34005"},{"taxonomy":"post_tag","embeddable":true,"href":"https:\/\/gerardoduque.com.mx\/index.php?rest_route=%2Fwp%2Fv2%2Ftags&post=34005"}],"curies":[{"name":"wp","href":"https:\/\/api.w.org\/{rel}","templated":true}]}}