{"id":33996,"date":"2025-02-12T17:58:59","date_gmt":"2025-02-12T23:58:59","guid":{"rendered":"https:\/\/gerardoduque.com.mx\/?p=33996"},"modified":"2025-02-12T17:59:04","modified_gmt":"2025-02-12T23:59:04","slug":"inauguran-obra-de-infraestructura-urbana-en-charcas","status":"publish","type":"post","link":"https:\/\/gerardoduque.com.mx\/?p=33996","title":{"rendered":"INAUGURAN OBRA DE INFRAESTRUCTURA URBANA EN CHARCAS"},"content":{"rendered":"\n<p>El Gobernador del Estado, Ricardo Gallardo Cardona, inaugur\u00f3 la modernizaci\u00f3n de la calle L\u00e1zaro C\u00e1rdenas, de prolongaci\u00f3n Hidalgo a Saturnino Cedillo, en la cabecera municipal, en beneficio de m\u00e1s de cuatro mil habitantes del municipio de Charcas, en el Altiplano potosino, quienes cuentan a partir de este mi\u00e9rcoles con una vialidad digna para un traslado seguro.<\/p>\n\n\n\n<p>Con una inversi\u00f3n de poco m\u00e1s de 10 millones de pesos, el Gobernador entreg\u00f3 la nueva calle, en el que se realizaron trabajos de colocaci\u00f3n de concreto, banquetas y del camell\u00f3n central, red de agua potable y drenaje sanitario, pozos de visita y registros sanitarios, aunado a la instalaci\u00f3n de nuevo alumbrado p\u00fablico y colocaci\u00f3n de se\u00f1al\u00e9tica, dejando una vialidad de primera para el disfrute de las familias.<\/p>\n\n\n\n<p>El mandatario anunci\u00f3 que adicionalmente a la pavimentaci\u00f3n de calles y el programa alimentario, la poblaci\u00f3n de este municipio ser\u00e1 incorporada a los nuevos programas de lotes para vivienda y seguro m\u00e9dico para estudiantes.<\/p>\n\n\n\n<p>Durante el evento, tambi\u00e9n se llev\u00f3 a cabo la entrega de apoyos alimentario con las cajas de 20 kilogramos de art\u00edculos de mayor calidad.<\/p>\n\n\n\n<figure class=\"wp-block-gallery has-nested-images columns-default is-cropped wp-block-gallery-1 is-layout-flex wp-block-gallery-is-layout-flex\">\n<figure class=\"wp-block-image size-large\"><img decoding=\"async\" width=\"1024\" height=\"682\" data-id=\"33998\" src=\"https:\/\/gerardoduque.com.mx\/wp-content\/uploads\/2025\/02\/WhatsApp-Image-2025-02-12-at-5.24.47-PM-4-1024x682.jpeg\" alt=\"\" class=\"wp-image-33998\" srcset=\"https:\/\/gerardoduque.com.mx\/wp-content\/uploads\/2025\/02\/WhatsApp-Image-2025-02-12-at-5.24.47-PM-4-980x653.jpeg 980w, https:\/\/gerardoduque.com.mx\/wp-content\/uploads\/2025\/02\/WhatsApp-Image-2025-02-12-at-5.24.47-PM-4-480x320.jpeg 480w\" sizes=\"(min-width: 0px) and (max-width: 480px) 480px, (min-width: 481px) and (max-width: 980px) 980px, (min-width: 981px) 1024px, 100vw\" \/><\/figure>\n\n\n\n<figure class=\"wp-block-image size-large\"><img decoding=\"async\" width=\"1024\" height=\"767\" data-id=\"34000\" src=\"https:\/\/gerardoduque.com.mx\/wp-content\/uploads\/2025\/02\/WhatsApp-Image-2025-02-12-at-5.24.47-PM-3-1024x767.jpeg\" alt=\"\" class=\"wp-image-34000\" srcset=\"https:\/\/gerardoduque.com.mx\/wp-content\/uploads\/2025\/02\/WhatsApp-Image-2025-02-12-at-5.24.47-PM-3-980x734.jpeg 980w, https:\/\/gerardoduque.com.mx\/wp-content\/uploads\/2025\/02\/WhatsApp-Image-2025-02-12-at-5.24.47-PM-3-480x359.jpeg 480w\" sizes=\"(min-width: 0px) and (max-width: 480px) 480px, (min-width: 481px) and (max-width: 980px) 980px, (min-width: 981px) 1024px, 100vw\" \/><\/figure>\n\n\n\n<figure class=\"wp-block-image size-large\"><img decoding=\"async\" width=\"1024\" height=\"682\" data-id=\"33999\" src=\"https:\/\/gerardoduque.com.mx\/wp-content\/uploads\/2025\/02\/WhatsApp-Image-2025-02-12-at-5.24.47-PM-1024x682.jpeg\" alt=\"\" class=\"wp-image-33999\" srcset=\"https:\/\/gerardoduque.com.mx\/wp-content\/uploads\/2025\/02\/WhatsApp-Image-2025-02-12-at-5.24.47-PM-980x653.jpeg 980w, https:\/\/gerardoduque.com.mx\/wp-content\/uploads\/2025\/02\/WhatsApp-Image-2025-02-12-at-5.24.47-PM-480x320.jpeg 480w\" sizes=\"(min-width: 0px) and (max-width: 480px) 480px, (min-width: 481px) and (max-width: 980px) 980px, (min-width: 981px) 1024px, 100vw\" \/><\/figure>\n<\/figure>\n","protected":false},"excerpt":{"rendered":"<p>Gobernador del Estado anunci\u00f3 que este municipio ser\u00e1 incorporado al programa de lotes para vivienda y seguro m\u00e9dico para estudiantes<\/p>\n","protected":false},"author":4,"featured_media":33997,"comment_status":"closed","ping_status":"closed","sticky":false,"template":"","format":"standard","meta":{"_et_pb_use_builder":"off","_et_pb_old_content":"","_et_gb_content_width":"","footnotes":""},"categories":[412,280],"tags":[72,66],"class_list":["post-33996","post","type-post","status-publish","format-standard","has-post-thumbnail","hentry","category-destacado","category-gob-slp","tag-gobierno-del-estado","tag-san-luis-potosi"],"_links":{"self":[{"href":"https:\/\/gerardoduque.com.mx\/index.php?rest_route=\/wp\/v2\/posts\/33996","targetHints":{"allow":["GET"]}}],"collection":[{"href":"https:\/\/gerardoduque.com.mx\/index.php?rest_route=\/wp\/v2\/posts"}],"about":[{"href":"https:\/\/gerardoduque.com.mx\/index.php?rest_route=\/wp\/v2\/types\/post"}],"author":[{"embeddable":true,"href":"https:\/\/gerardoduque.com.mx\/index.php?rest_route=\/wp\/v2\/users\/4"}],"replies":[{"embeddable":true,"href":"https:\/\/gerardoduque.com.mx\/index.php?rest_route=%2Fwp%2Fv2%2Fcomments&post=33996"}],"version-history":[{"count":0,"href":"https:\/\/gerardoduque.com.mx\/index.php?rest_route=\/wp\/v2\/posts\/33996\/revisions"}],"wp:featuredmedia":[{"embeddable":true,"href":"https:\/\/gerardoduque.com.mx\/index.php?rest_route=\/wp\/v2\/media\/33997"}],"wp:attachment":[{"href":"https:\/\/gerardoduque.com.mx\/index.php?rest_route=%2Fwp%2Fv2%2Fmedia&parent=33996"}],"wp:term":[{"taxonomy":"category","embeddable":true,"href":"https:\/\/gerardoduque.com.mx\/index.php?rest_route=%2Fwp%2Fv2%2Fcategories&post=33996"},{"taxonomy":"post_tag","embeddable":true,"href":"https:\/\/gerardoduque.com.mx\/index.php?rest_route=%2Fwp%2Fv2%2Ftags&post=33996"}],"curies":[{"name":"wp","href":"https:\/\/api.w.org\/{rel}","templated":true}]}}