{"id":33978,"date":"2025-02-12T09:49:38","date_gmt":"2025-02-12T15:49:38","guid":{"rendered":"https:\/\/gerardoduque.com.mx\/?p=33978"},"modified":"2025-02-12T09:49:42","modified_gmt":"2025-02-12T15:49:42","slug":"habra-movilizacion-de-medicos-jubilados-en-slp-gobierno-del-estado-les-adeuda-pensiones","status":"publish","type":"post","link":"https:\/\/gerardoduque.com.mx\/?p=33978","title":{"rendered":"HABR\u00c1 MOVILIZACI\u00d3N DE M\u00c9DICOS JUBILADOS EN SLP: GOBIERNO DEL ESTADO LES ADEUDA PENSIONES"},"content":{"rendered":"\n<p>M\u00e9dicos jubilados del Hospital Central \u201cIgnacio Morones Prieto\u201d prev\u00e9n realizar una manifestaci\u00f3n ma\u00f1ana jueves en la capital potosina.<\/p>\n\n\n\n<p>Est\u00e1n inconformes debido a que el Gobierno del Estado les mantiene suspendido el pago de sus pensiones.<\/p>\n\n\n\n<p>Desde enero los afectados denunciaron la situaci\u00f3n ante la administraci\u00f3n estatal, y tambi\u00e9n lo hicieron del conocimiento p\u00fablico.<\/p>\n\n\n\n<p>Fue entonces que las autoridades les prometieron una soluci\u00f3n inmediata a su problema, pero no les han cumplido.<\/p>\n\n\n\n<p>Se trata de m\u00e9dicos que prestaron sus servicios por m\u00e1s de tres d\u00e9cadas.<\/p>\n\n\n\n<p>A trav\u00e9s de redes sociales se est\u00e1 difundiendo una convocatoria:<\/p>\n\n\n\n<p>\u201cEl Colegio de la Profesi\u00f3n M\u00e9dica del Estado de San Luis Potos\u00ed A.C se solidariza con los m\u00e9dicos jubilados del Hospital Central \u00abDr. Ignacio Morones Prieto\u00bb por la suspensi\u00f3n de su pago. \u00a1Solicitamos el apoyo de los Colegios M\u00e9dicos del Estado, su presencia es importante! \u00a1Unidos somos m\u00e1s fuertes!\u201d<\/p>\n\n\n\n<p>La manifestaci\u00f3n est\u00e1 prevista para ma\u00f1ana jueves 13 de febrero a las 11:00 hrs. frente a la Glorieta Gonz\u00e1lez Bocanegra.<\/p>\n\n\n\n<p>En la convocatoria se pide que m\u00e9dicos, estudiantes, familiares, amigos y colegios se sumen a la movilizaci\u00f3n.<\/p>\n","protected":false},"excerpt":{"rendered":"<p>En la convocatoria se pide que, estudiantes, familiares, amigos y colegios se sumen a la protesta  <\/p>\n","protected":false},"author":4,"featured_media":33979,"comment_status":"closed","ping_status":"closed","sticky":false,"template":"","format":"standard","meta":{"_et_pb_use_builder":"off","_et_pb_old_content":"","_et_gb_content_width":"","footnotes":""},"categories":[412,62],"tags":[],"class_list":["post-33978","post","type-post","status-publish","format-standard","has-post-thumbnail","hentry","category-destacado","category-redaccion"],"_links":{"self":[{"href":"https:\/\/gerardoduque.com.mx\/index.php?rest_route=\/wp\/v2\/posts\/33978","targetHints":{"allow":["GET"]}}],"collection":[{"href":"https:\/\/gerardoduque.com.mx\/index.php?rest_route=\/wp\/v2\/posts"}],"about":[{"href":"https:\/\/gerardoduque.com.mx\/index.php?rest_route=\/wp\/v2\/types\/post"}],"author":[{"embeddable":true,"href":"https:\/\/gerardoduque.com.mx\/index.php?rest_route=\/wp\/v2\/users\/4"}],"replies":[{"embeddable":true,"href":"https:\/\/gerardoduque.com.mx\/index.php?rest_route=%2Fwp%2Fv2%2Fcomments&post=33978"}],"version-history":[{"count":0,"href":"https:\/\/gerardoduque.com.mx\/index.php?rest_route=\/wp\/v2\/posts\/33978\/revisions"}],"wp:featuredmedia":[{"embeddable":true,"href":"https:\/\/gerardoduque.com.mx\/index.php?rest_route=\/wp\/v2\/media\/33979"}],"wp:attachment":[{"href":"https:\/\/gerardoduque.com.mx\/index.php?rest_route=%2Fwp%2Fv2%2Fmedia&parent=33978"}],"wp:term":[{"taxonomy":"category","embeddable":true,"href":"https:\/\/gerardoduque.com.mx\/index.php?rest_route=%2Fwp%2Fv2%2Fcategories&post=33978"},{"taxonomy":"post_tag","embeddable":true,"href":"https:\/\/gerardoduque.com.mx\/index.php?rest_route=%2Fwp%2Fv2%2Ftags&post=33978"}],"curies":[{"name":"wp","href":"https:\/\/api.w.org\/{rel}","templated":true}]}}