{"id":33931,"date":"2025-02-10T23:26:47","date_gmt":"2025-02-11T05:26:47","guid":{"rendered":"https:\/\/gerardoduque.com.mx\/?p=33931"},"modified":"2025-02-10T23:34:20","modified_gmt":"2025-02-11T05:34:20","slug":"anunciaron-protesta-contra-el-gobierno-y-los-detuvieron-por-portacion-de-machetes","status":"publish","type":"post","link":"https:\/\/gerardoduque.com.mx\/?p=33931","title":{"rendered":"ANUNCIARON PROTESTA CONTRA EL GOBIERNO Y LOS DETUVIERON POR \u00abPORTACI\u00d3N DE MACHETES\u00bb"},"content":{"rendered":"\n<p>Poco antes de las siete de la ma\u00f1ana de este lunes se despleg\u00f3 un fuerte operativo de elementos de la Guardia Civil Estatal hacia la zona del crucero del Xolol, en la zona Huasteca.<\/p>\n\n\n\n<p>El operativo se gener\u00f3 tras anunciarse que ciudadanos realizar\u00edan bloqueos carreteros en varios puntos en la regi\u00f3n, como en la carretera Valles-Tamazunchale, y el eje Xolol \u2013 Tamu\u00edn.<\/p>\n\n\n\n<p>Durante el fin de semana comenz\u00f3 la incertidumbre. Todo permanec\u00edan a la expectativa.<\/p>\n\n\n\n<p>En redes sociales circulaba un comunicado donde se convocaba a las comunidades ind\u00edgenas a exigir la rehabilitaci\u00f3n del tramo carretero Xolol \u2013 Tamu\u00edn.<\/p>\n\n\n\n<p>Pero no hab\u00eda nombres y apellidos. El documento era firmado por \u201cComunidades Ind\u00edgenas Unidas\u201d, y nada m\u00e1s.<\/p>\n\n\n\n<p>Sin embargo, eso fue suficiente para alertar a las autoridades estatales<\/p>\n\n\n\n<p>Incluso, desde un d\u00eda antes, el subsecretario de Gobierno en el Estado, Jorge Vega Arroyo, busc\u00f3 un acercamiento y di\u00e1logo con l\u00edderes ind\u00edgenas. El motivo, saber si participar\u00edan en la protesta masiva. Y a la par, informar sobre los avances del proyecto de rehabilitaci\u00f3n del tramo carretero Xolol \u2013 Tamu\u00edn, que hasta la fecha permanece intransitable debido a la cantidad de baches.<\/p>\n\n\n\n<p>\ud835\uddec \ud835\udde6\ud835\uddd8 \ud835\uddd7\ud835\udddc\ud835\uddd8\ud835\udde5\ud835\udde2\ud835\udde1 \ud835\udddf\ud835\uddd4\ud835\udde6 \ud835\uddd7\ud835\uddd8\ud835\udde7\ud835\uddd8\ud835\udde1\ud835\uddd6\ud835\udddc\ud835\udde2\ud835\udde1\ud835\uddd8\ud835\udde6<\/p>\n\n\n\n<p>Alrededor de las ocho de la ma\u00f1ana de este lunes, de nueva cuenta se advert\u00eda a trav\u00e9s de redes sociales sobre la detenci\u00f3n de quienes encabezar\u00edan la protesta: Roberto L\u00f3pez y tres personas m\u00e1s, entre ellos dos abogados. Informaci\u00f3n que no se logr\u00f3 confirmar por horas.<\/p>\n\n\n\n<p>Vega Arroyo dec\u00eda desconocer estos hechos, y aclaraba que la presencia de la fuerza policiaca que se despleg\u00f3 (m\u00e1s de una veintena de patrullas) no era con la intenci\u00f3n de reprimir la libre manifestaci\u00f3n, sino que se trataba de hacer valer el derecho a la libre circulaci\u00f3n de la poblaci\u00f3n y resguardar su seguridad, \u201cpero no se trata de ninguna represi\u00f3n del gobierno\u201d.<\/p>\n\n\n\n<p>\ud835\udddf\ud835\uddd4 \ud835\udde5\ud835\uddd8\ud835\udde8\ud835\udde1\ud835\udddc\ud835\udde2\u0301\ud835\udde1 \ud835\uddec \ud835\udddf\ud835\udde2\ud835\udde6 \ud835\uddd4\ud835\uddd6\ud835\udde8\ud835\uddd8\ud835\udde5\ud835\uddd7\ud835\udde2\ud835\udde6<\/p>\n\n\n\n<p>La expectativa continuaba. En redes sociales exig\u00edan la liberaci\u00f3n de los l\u00edderes, pero de manera oficial no hab\u00eda nada, ning\u00fan dato sobre alguna detenci\u00f3n.<\/p>\n\n\n\n<p>Pero al t\u00e9rmino de la reuni\u00f3n con transportistas que sostuvo el subsecretario de Gobierno en las instalaciones del sal\u00f3n de Cabildo en el municipio de Tancanhuitz, en donde se inform\u00f3 sobre los avances con respecto a la licitaci\u00f3n del proyecto de rehabilitaci\u00f3n del tramo Xolol &#8211; Tamu\u00edn y el compromiso de que la obra se ejecutar\u00eda, fue donde el abogado defensor de los detenidos exig\u00eda la liberaci\u00f3n de Roberto L\u00f3pez, Leonel Gonz\u00e1lez Cabrera, Rodolfo Vargas y un cuarto detenido del que se desconoc\u00eda el nombre.<\/p>\n\n\n\n<p>El abogado se\u00f1al\u00f3 que los hombres hab\u00edan sido privados de su libertad por elementos de la Guardia Civil Estatal, a quienes llam\u00f3 \u201cdelincuentes con uniformes\u201d.<\/p>\n\n\n\n<p>Se\u00f1al\u00f3 que un d\u00eda antes, elementos de esa corporaci\u00f3n realizaron actos de intimidaci\u00f3n al acudir al domicilio de uno de los detenidos, para disuadirlo de no participar en la protesta: \u201cpretend\u00eda el gobierno callar a los luchadores sociales\u201d.<\/p>\n\n\n\n<p>\ud835\uddec \ud835\udde5\ud835\uddd8\ud835\uddd4\ud835\udde3\ud835\uddd4\ud835\udde5\ud835\uddd8\ud835\uddd6\ud835\udddc\ud835\uddd8\ud835\udde5\ud835\udde2\ud835\udde1 \ud835\uddd8\ud835\udde1 \ud835\uddd8\ud835\udddf \ud835\udde0\ud835\udddc\ud835\udde1\ud835\udddc\ud835\udde6\ud835\udde7\ud835\uddd8\ud835\udde5\ud835\udddc\ud835\udde2 \ud835\udde3\ud835\udde8\u0301\ud835\uddd5\ud835\udddf\ud835\udddc\ud835\uddd6\ud835\udde2<\/p>\n\n\n\n<p>Tras estas declaraciones, casi ocho horas despu\u00e9s, la Secretar\u00eda de Seguridad P\u00fablica del Estado emit\u00eda un comunicado donde se\u00f1alaba que Roberto N, Rodolfo N y Leonel N, hab\u00edan sido detenidos.<\/p>\n\n\n\n<p>Se explicaba que a trav\u00e9s de una intervenci\u00f3n operativa en la carretera M\u00e9xico-Laredo 85, entronque de Xolol, Municipio de Tancanhuitz, se procedi\u00f3 a la detenci\u00f3n de esas tres personas, como presuntos responsables de los \u201cdelitos de mot\u00edn, ataque a las v\u00edas de comunicaci\u00f3n y portaci\u00f3n de machetes\u201d.<\/p>\n","protected":false},"excerpt":{"rendered":"<p>POR: Magui L\u00f3pez <\/p>\n","protected":false},"author":4,"featured_media":33933,"comment_status":"closed","ping_status":"closed","sticky":false,"template":"","format":"standard","meta":{"_et_pb_use_builder":"off","_et_pb_old_content":"","_et_gb_content_width":"","footnotes":""},"categories":[412,62],"tags":[],"class_list":["post-33931","post","type-post","status-publish","format-standard","has-post-thumbnail","hentry","category-destacado","category-redaccion"],"_links":{"self":[{"href":"https:\/\/gerardoduque.com.mx\/index.php?rest_route=\/wp\/v2\/posts\/33931","targetHints":{"allow":["GET"]}}],"collection":[{"href":"https:\/\/gerardoduque.com.mx\/index.php?rest_route=\/wp\/v2\/posts"}],"about":[{"href":"https:\/\/gerardoduque.com.mx\/index.php?rest_route=\/wp\/v2\/types\/post"}],"author":[{"embeddable":true,"href":"https:\/\/gerardoduque.com.mx\/index.php?rest_route=\/wp\/v2\/users\/4"}],"replies":[{"embeddable":true,"href":"https:\/\/gerardoduque.com.mx\/index.php?rest_route=%2Fwp%2Fv2%2Fcomments&post=33931"}],"version-history":[{"count":0,"href":"https:\/\/gerardoduque.com.mx\/index.php?rest_route=\/wp\/v2\/posts\/33931\/revisions"}],"wp:featuredmedia":[{"embeddable":true,"href":"https:\/\/gerardoduque.com.mx\/index.php?rest_route=\/wp\/v2\/media\/33933"}],"wp:attachment":[{"href":"https:\/\/gerardoduque.com.mx\/index.php?rest_route=%2Fwp%2Fv2%2Fmedia&parent=33931"}],"wp:term":[{"taxonomy":"category","embeddable":true,"href":"https:\/\/gerardoduque.com.mx\/index.php?rest_route=%2Fwp%2Fv2%2Fcategories&post=33931"},{"taxonomy":"post_tag","embeddable":true,"href":"https:\/\/gerardoduque.com.mx\/index.php?rest_route=%2Fwp%2Fv2%2Ftags&post=33931"}],"curies":[{"name":"wp","href":"https:\/\/api.w.org\/{rel}","templated":true}]}}