{"id":33853,"date":"2025-02-07T00:07:56","date_gmt":"2025-02-07T06:07:56","guid":{"rendered":"https:\/\/gerardoduque.com.mx\/?p=33853"},"modified":"2025-02-07T00:08:00","modified_gmt":"2025-02-07T06:08:00","slug":"fallece-secundarista-dentro-de-la-eti-no-16-en-cd-valles","status":"publish","type":"post","link":"https:\/\/gerardoduque.com.mx\/?p=33853","title":{"rendered":"FALLECE SECUNDARISTA DENTRO DE LA ETI No. 16 EN CD VALLES"},"content":{"rendered":"\n<p>La noche de este jueves, un alumno del turno vespertino (de 2\u00ba. grado) falleci\u00f3 al interior de la Escuela Secundaria T\u00e9cnica N\u00famero 16, ubicada al norte de Ciudad Valles.<\/p>\n\n\n\n<p>El adolescente de quince a\u00f1os de edad se desvaneci\u00f3 repentinamente y dej\u00f3 de reaccionar ante los est\u00edmulos. Enseguida, profesores solicitaron el auxilio de las corporaciones de emergencia.<\/p>\n\n\n\n<p>A los pocos minutos al plantel arribaron param\u00e9dicos de Cruz Roja. Pese a que hicieron procedimientos para intentar reanimarlo, los esfuerzos no resultaron; Carlos Emmanuel fue declarado muerto.<\/p>\n\n\n\n<p>Para los estudiantes y trabajadores de la instituci\u00f3n fue muy complicado asimilar la noticia. Por igual, adolescentes y adultos soltaron el llanto y otros m\u00e1s tuvieron crisis nerviosa debido al impacto.<\/p>\n\n\n\n<p>Informaci\u00f3n a medias comenz\u00f3 a circular a trav\u00e9s de redes sociales, lo que provoc\u00f3 alarma entre padres de familia quienes se apresuraron hacia la secundaria para saber si sus hijos estaban a salvo. Enseguida se dio la indicaci\u00f3n de desalojar el plantel.<\/p>\n\n\n\n<p>La mam\u00e1 del jovencito fallecido tambi\u00e9n lleg\u00f3 a la ETI. Trascendi\u00f3 que un padecimiento cardiaco habr\u00eda sido lo que motiv\u00f3 el deceso de Carlos Emmanuel, al momento en que realizaba una actividad de clase. Sin embargo, la Fiscal\u00eda General del Estado investiga lo ocurrido.  <\/p>\n\n\n\n<p><\/p>\n","protected":false},"excerpt":{"rendered":"<p>Ten\u00eda quince a\u00f1os de edad <\/p>\n","protected":false},"author":4,"featured_media":33854,"comment_status":"closed","ping_status":"closed","sticky":false,"template":"","format":"standard","meta":{"_et_pb_use_builder":"off","_et_pb_old_content":"","_et_gb_content_width":"","footnotes":""},"categories":[412,62],"tags":[],"class_list":["post-33853","post","type-post","status-publish","format-standard","has-post-thumbnail","hentry","category-destacado","category-redaccion"],"_links":{"self":[{"href":"https:\/\/gerardoduque.com.mx\/index.php?rest_route=\/wp\/v2\/posts\/33853","targetHints":{"allow":["GET"]}}],"collection":[{"href":"https:\/\/gerardoduque.com.mx\/index.php?rest_route=\/wp\/v2\/posts"}],"about":[{"href":"https:\/\/gerardoduque.com.mx\/index.php?rest_route=\/wp\/v2\/types\/post"}],"author":[{"embeddable":true,"href":"https:\/\/gerardoduque.com.mx\/index.php?rest_route=\/wp\/v2\/users\/4"}],"replies":[{"embeddable":true,"href":"https:\/\/gerardoduque.com.mx\/index.php?rest_route=%2Fwp%2Fv2%2Fcomments&post=33853"}],"version-history":[{"count":0,"href":"https:\/\/gerardoduque.com.mx\/index.php?rest_route=\/wp\/v2\/posts\/33853\/revisions"}],"wp:featuredmedia":[{"embeddable":true,"href":"https:\/\/gerardoduque.com.mx\/index.php?rest_route=\/wp\/v2\/media\/33854"}],"wp:attachment":[{"href":"https:\/\/gerardoduque.com.mx\/index.php?rest_route=%2Fwp%2Fv2%2Fmedia&parent=33853"}],"wp:term":[{"taxonomy":"category","embeddable":true,"href":"https:\/\/gerardoduque.com.mx\/index.php?rest_route=%2Fwp%2Fv2%2Fcategories&post=33853"},{"taxonomy":"post_tag","embeddable":true,"href":"https:\/\/gerardoduque.com.mx\/index.php?rest_route=%2Fwp%2Fv2%2Ftags&post=33853"}],"curies":[{"name":"wp","href":"https:\/\/api.w.org\/{rel}","templated":true}]}}