{"id":33824,"date":"2025-02-06T18:12:47","date_gmt":"2025-02-07T00:12:47","guid":{"rendered":"https:\/\/gerardoduque.com.mx\/?p=33824"},"modified":"2025-02-06T18:12:50","modified_gmt":"2025-02-07T00:12:50","slug":"edgardo-hernandez-y-adriana-moya-fijan-postura-sobre-candidatos-a-jueces-y-magistrados","status":"publish","type":"post","link":"https:\/\/gerardoduque.com.mx\/?p=33824","title":{"rendered":"EDGARDO HERN\u00c1NDEZ Y ADRIANA MOYA FIJAN POSTURA SOBRE CANDIDATOS A JUECES Y MAGISTRADOS"},"content":{"rendered":"\n<p>Este jueves sostuvieron un encuentro el maestro Edgardo Hern\u00e1ndez Contreras y la licenciada Adriana Moya.<\/p>\n\n\n\n<p>El ex funcionario de la FGR y la l\u00edder de la \u201cAsociaci\u00f3n de Ministerios P\u00fablicos, Peritos y Polic\u00edas\u201d se reunieron para hacer una evaluaci\u00f3n en materia de seguridad y de procuraci\u00f3n de justicia.<\/p>\n\n\n\n<p>Como l\u00edderes de opini\u00f3n, buscar\u00e1n la forma de coadyuvar para que la sociedad obtenga mejores resultados en esos rubros.<\/p>\n\n\n\n<p>Junto a otros acompa\u00f1antes, mostraron su inconformidad respecto a los listados de quienes aspiran a ocupar los primeros cargos dentro de la administraci\u00f3n de justicia. Es decir, para ser jueces y magistrados.<\/p>\n\n\n\n<p>El tambi\u00e9n ex diputado Hern\u00e1ndez Contreras, y Adriana Moya, advirtieron que muchos de los candidatos inscritos son personas que carecen del perfil y la experiencia dentro de la carrera judicial. Sin embargo, coincidieron en que algunos otros s\u00ed la tienen.<\/p>\n\n\n\n<p>Con Edgardo Hern\u00e1ndez y Adriana Moya tambi\u00e9n conversaron m\u00e1s ciudadanos.<\/p>\n\n\n\n<p>Actualmente, la asociaci\u00f3n que preside Adriana Moya es la \u00fanica debidamente constituida y registrada acorde a los requerimientos legales.<\/p>\n","protected":false},"excerpt":{"rendered":"<p>Advierten que muchos carecen del perfil y la experiencia adecuada <\/p>\n","protected":false},"author":4,"featured_media":33825,"comment_status":"closed","ping_status":"closed","sticky":false,"template":"","format":"standard","meta":{"_et_pb_use_builder":"off","_et_pb_old_content":"","_et_gb_content_width":"","footnotes":""},"categories":[412,62],"tags":[],"class_list":["post-33824","post","type-post","status-publish","format-standard","has-post-thumbnail","hentry","category-destacado","category-redaccion"],"_links":{"self":[{"href":"https:\/\/gerardoduque.com.mx\/index.php?rest_route=\/wp\/v2\/posts\/33824","targetHints":{"allow":["GET"]}}],"collection":[{"href":"https:\/\/gerardoduque.com.mx\/index.php?rest_route=\/wp\/v2\/posts"}],"about":[{"href":"https:\/\/gerardoduque.com.mx\/index.php?rest_route=\/wp\/v2\/types\/post"}],"author":[{"embeddable":true,"href":"https:\/\/gerardoduque.com.mx\/index.php?rest_route=\/wp\/v2\/users\/4"}],"replies":[{"embeddable":true,"href":"https:\/\/gerardoduque.com.mx\/index.php?rest_route=%2Fwp%2Fv2%2Fcomments&post=33824"}],"version-history":[{"count":0,"href":"https:\/\/gerardoduque.com.mx\/index.php?rest_route=\/wp\/v2\/posts\/33824\/revisions"}],"wp:featuredmedia":[{"embeddable":true,"href":"https:\/\/gerardoduque.com.mx\/index.php?rest_route=\/wp\/v2\/media\/33825"}],"wp:attachment":[{"href":"https:\/\/gerardoduque.com.mx\/index.php?rest_route=%2Fwp%2Fv2%2Fmedia&parent=33824"}],"wp:term":[{"taxonomy":"category","embeddable":true,"href":"https:\/\/gerardoduque.com.mx\/index.php?rest_route=%2Fwp%2Fv2%2Fcategories&post=33824"},{"taxonomy":"post_tag","embeddable":true,"href":"https:\/\/gerardoduque.com.mx\/index.php?rest_route=%2Fwp%2Fv2%2Ftags&post=33824"}],"curies":[{"name":"wp","href":"https:\/\/api.w.org\/{rel}","templated":true}]}}