{"id":33772,"date":"2025-02-04T23:24:38","date_gmt":"2025-02-05T05:24:38","guid":{"rendered":"https:\/\/gerardoduque.com.mx\/?p=33772"},"modified":"2025-02-04T23:24:44","modified_gmt":"2025-02-05T05:24:44","slug":"van-nueve-fosas-procesadas-en-campo-de-exterminio-en-rioverde","status":"publish","type":"post","link":"https:\/\/gerardoduque.com.mx\/?p=33772","title":{"rendered":"VAN NUEVE FOSAS PROCESADAS EN CAMPO DE EXTERMINIO EN RIOVERDE"},"content":{"rendered":"\n<p>En el municipio de Rioverde contin\u00faan las labores de prospecci\u00f3n, inspecci\u00f3n y levantamiento de indicios, dentro de un campamento que integrantes del crimen organizado utilizaban para desintegrar cuerpos.<\/p>\n\n\n\n<p>El predio se localiza en la comunidad \u201cAgua Dulce\u201d.<\/p>\n\n\n\n<p>Edith P\u00e9rez Rodr\u00edguez, del colectivo de b\u00fasqueda Voz y Dignidad por los Nuestros, explic\u00f3: <strong><em>\u201cDeshacen el cuerpo en el \u00e1cido, lo ponen en la fosa, es un lugar ocupado precisamente para desaparecer gente con una t\u00e9cnica de compuestos qu\u00edmicos\u2026 hacen una excavaci\u00f3n como de un metro, aqu\u00ed s\u00ed excavan los sujetos\u2026 en otras circunstancias ha sido muy superficial los hallazgos, pero en esta ocasi\u00f3n s\u00ed ha sido complicado dar<\/em><\/strong><em>\u2026\u201d<\/em><\/p>\n\n\n\n<p>La profesora Edith dijo que: <strong><em>\u201chasta ahorita se han excavado nueve fosas\u2026 se observa que quemaron el tambo y echaron all\u00ed las dem\u00e1s prendas de la persona\u2026 donde pusieron las personas desmembradas, y luego ac\u00e1 se encuentran los fragmentos con un tipo de hueso calcinado, porque el calcio sobresale\u201d<\/em><\/strong><\/p>\n\n\n\n<p>El hallazgo se realiz\u00f3 en tierras de uso com\u00fan, cerca de los l\u00edmites con el municipio de San Ciro de Acosta, en la zona Media potosina.<\/p>\n\n\n\n<p>Edith P\u00e9rez Rodr\u00edguez detall\u00f3 que a\u00fan faltan por procesar siete fosas m\u00e1s, y estima que las labores se prolongar\u00e1n hasta la pr\u00f3xima semana.<\/p>\n\n\n\n<p><strong><em>\u201cComo que ac\u00e1 apenas est\u00e1n implementando esa t\u00e9cnica, la forma de desaparecerlos as\u00ed<\/em><\/strong><em>&#8230; <\/em><em> <strong>la verdad no me gusta especular, pero lo que estamos viendo es bastante diferente a lo que hemos visto en otras ocasiones\u201d<\/strong><\/em><\/p>\n\n\n\n<p>En las diligencias participa personal de la Fiscal\u00eda General del Estado, de la Comisi\u00f3n Estatal de B\u00fasqueda, as\u00ed como elementos de la Guardia Nacional, y familiares de desaparecidos.<\/p>\n","protected":false},"excerpt":{"rendered":"<p>\u00abUn lugar ocupado para desaparecer gente con una t\u00e9cnica de compuestos qu\u00edmicos\u00bb<\/p>\n","protected":false},"author":4,"featured_media":33774,"comment_status":"closed","ping_status":"closed","sticky":false,"template":"","format":"standard","meta":{"_et_pb_use_builder":"off","_et_pb_old_content":"","_et_gb_content_width":"","footnotes":""},"categories":[412,62],"tags":[],"class_list":["post-33772","post","type-post","status-publish","format-standard","has-post-thumbnail","hentry","category-destacado","category-redaccion"],"_links":{"self":[{"href":"https:\/\/gerardoduque.com.mx\/index.php?rest_route=\/wp\/v2\/posts\/33772","targetHints":{"allow":["GET"]}}],"collection":[{"href":"https:\/\/gerardoduque.com.mx\/index.php?rest_route=\/wp\/v2\/posts"}],"about":[{"href":"https:\/\/gerardoduque.com.mx\/index.php?rest_route=\/wp\/v2\/types\/post"}],"author":[{"embeddable":true,"href":"https:\/\/gerardoduque.com.mx\/index.php?rest_route=\/wp\/v2\/users\/4"}],"replies":[{"embeddable":true,"href":"https:\/\/gerardoduque.com.mx\/index.php?rest_route=%2Fwp%2Fv2%2Fcomments&post=33772"}],"version-history":[{"count":0,"href":"https:\/\/gerardoduque.com.mx\/index.php?rest_route=\/wp\/v2\/posts\/33772\/revisions"}],"wp:featuredmedia":[{"embeddable":true,"href":"https:\/\/gerardoduque.com.mx\/index.php?rest_route=\/wp\/v2\/media\/33774"}],"wp:attachment":[{"href":"https:\/\/gerardoduque.com.mx\/index.php?rest_route=%2Fwp%2Fv2%2Fmedia&parent=33772"}],"wp:term":[{"taxonomy":"category","embeddable":true,"href":"https:\/\/gerardoduque.com.mx\/index.php?rest_route=%2Fwp%2Fv2%2Fcategories&post=33772"},{"taxonomy":"post_tag","embeddable":true,"href":"https:\/\/gerardoduque.com.mx\/index.php?rest_route=%2Fwp%2Fv2%2Ftags&post=33772"}],"curies":[{"name":"wp","href":"https:\/\/api.w.org\/{rel}","templated":true}]}}