{"id":33769,"date":"2025-02-04T19:56:44","date_gmt":"2025-02-05T01:56:44","guid":{"rendered":"https:\/\/gerardoduque.com.mx\/?p=33769"},"modified":"2025-02-04T19:56:49","modified_gmt":"2025-02-05T01:56:49","slug":"decenas-de-aviadores-en-el-congreso-del-estado-denuncia-ciudadanos-observando","status":"publish","type":"post","link":"https:\/\/gerardoduque.com.mx\/?p=33769","title":{"rendered":"DECENAS DE \u00abAVIADORES\u00bb EN EL CONGRESO DEL ESTADO, DENUNCIA CIUDADANOS OBSERVANDO"},"content":{"rendered":"\n<p>Con la llegada de la actual legislatura, la contrataci\u00f3n de personal por honorarios ha aumentado exponencialmente, alcanzando un total de 194 personas.<\/p>\n\n\n\n<p>Este crecimiento ha generado un gasto mensual de 4 millones 424 mil 583 pesos.<\/p>\n\n\n\n<p>Un an\u00e1lisis de la evoluci\u00f3n del personal contratado bajo esta modalidad en las \u00faltimas cinco legislaturas (LX, LXI, LXII, LXIII y LXIV) revela una tendencia al alza.<\/p>\n\n\n\n<p>Mientras que hace dos a\u00f1os se contaban 84 trabajadores, actualmente la cifra ha ascendido a 194, lo que representa un incremento significativo.<\/p>\n\n\n\n<p>Hasta el momento no existe una justificaci\u00f3n clara para el crecimiento constante de la n\u00f3mina por honorarios cada tres a\u00f1os. Lo que s\u00ed se ha detectado es un gasto desproporcionado, presuntamente destinado a pagar favores pol\u00edticos, sin que exista una reglamentaci\u00f3n adecuada que regule estas contrataciones.<\/p>\n\n\n\n<p>Esta falta de control ha permitido la inclusi\u00f3n de personal que no desempe\u00f1a funciones reales, conocidos como \u201caviadores\u201d.<\/p>\n\n\n\n<p>Un caso particular es el de 14 personas, varias cercanas al diputado H\u00e9ctor Serrano, para quienes se destina un total de 627 mil pesos mensuales en sueldos.<\/p>\n\n\n\n<p>Entre los beneficiarios destacan Gerardo Romero V\u00e1zquez, Jos\u00e9 Nicol\u00e1s Albarr\u00e1n Garc\u00eda, Jorge Arturo Apatenco Serrano y Lauro Antonio Mart\u00ednez.<\/p>\n\n\n\n<p>De acuerdo con los contratos, el personal contratado figura bajo el cargo de \u00abauxiliares generales administrativos\u00bb, sin que se detallen sus funciones espec\u00edficas.<\/p>\n\n\n\n<p>\u00bfPor qu\u00e9 en la LX Legislatura 84 personas pod\u00edan realizar el mismo trabajo que ahora requiere de 194?<\/p>\n\n\n\n<p>Este aumento no solo refleja un abuso en el manejo de los recursos p\u00fablicos, sino tambi\u00e9n el control y la influencia que mantiene en el Congreso H\u00e9ctor Serrano, ex secretario de Gobierno de la Ciudad de M\u00e9xico, ex dirigente del PT en el estado y actual diputado plurinominal por el Partido Verde.<\/p>\n","protected":false},"excerpt":{"rendered":"<p>POR: Ciudadanos Observando <\/p>\n","protected":false},"author":4,"featured_media":33770,"comment_status":"closed","ping_status":"closed","sticky":false,"template":"","format":"standard","meta":{"_et_pb_use_builder":"off","_et_pb_old_content":"","_et_gb_content_width":"","footnotes":""},"categories":[412,62],"tags":[],"class_list":["post-33769","post","type-post","status-publish","format-standard","has-post-thumbnail","hentry","category-destacado","category-redaccion"],"_links":{"self":[{"href":"https:\/\/gerardoduque.com.mx\/index.php?rest_route=\/wp\/v2\/posts\/33769","targetHints":{"allow":["GET"]}}],"collection":[{"href":"https:\/\/gerardoduque.com.mx\/index.php?rest_route=\/wp\/v2\/posts"}],"about":[{"href":"https:\/\/gerardoduque.com.mx\/index.php?rest_route=\/wp\/v2\/types\/post"}],"author":[{"embeddable":true,"href":"https:\/\/gerardoduque.com.mx\/index.php?rest_route=\/wp\/v2\/users\/4"}],"replies":[{"embeddable":true,"href":"https:\/\/gerardoduque.com.mx\/index.php?rest_route=%2Fwp%2Fv2%2Fcomments&post=33769"}],"version-history":[{"count":0,"href":"https:\/\/gerardoduque.com.mx\/index.php?rest_route=\/wp\/v2\/posts\/33769\/revisions"}],"wp:featuredmedia":[{"embeddable":true,"href":"https:\/\/gerardoduque.com.mx\/index.php?rest_route=\/wp\/v2\/media\/33770"}],"wp:attachment":[{"href":"https:\/\/gerardoduque.com.mx\/index.php?rest_route=%2Fwp%2Fv2%2Fmedia&parent=33769"}],"wp:term":[{"taxonomy":"category","embeddable":true,"href":"https:\/\/gerardoduque.com.mx\/index.php?rest_route=%2Fwp%2Fv2%2Fcategories&post=33769"},{"taxonomy":"post_tag","embeddable":true,"href":"https:\/\/gerardoduque.com.mx\/index.php?rest_route=%2Fwp%2Fv2%2Ftags&post=33769"}],"curies":[{"name":"wp","href":"https:\/\/api.w.org\/{rel}","templated":true}]}}