{"id":33556,"date":"2025-02-01T15:03:15","date_gmt":"2025-02-01T21:03:15","guid":{"rendered":"https:\/\/gerardoduque.com.mx\/?p=33556"},"modified":"2025-02-01T15:03:19","modified_gmt":"2025-02-01T21:03:19","slug":"el-dr-lutzow-sale-del-penal-de-la-pila","status":"publish","type":"post","link":"https:\/\/gerardoduque.com.mx\/?p=33556","title":{"rendered":"EL DR. LUTZOW SALE DEL PENAL DE \u00b4LA PILA\u00b4"},"content":{"rendered":"\n<p>El doctor Miguel \u00c1ngel Lutzow Steiner abandona esta tarde el Centro de Reinserci\u00f3n Social de \u201cLa Pila\u201d<\/p>\n\n\n\n<p>La determinaci\u00f3n fue concedida hoy s\u00e1bado por un Tribunal de Alzada.&nbsp;<\/p>\n\n\n\n<p>El ex titular de la Secretar\u00eda de Salud de Gobierno del Estado podr\u00e1 seguir en arraigo domiciliario el proceso penal que enfrenta, luego de haber permanecido treintaitr\u00e9s meses dentro del Penal.<\/p>\n\n\n\n<p>En octubre pasado un Tribunal de Enjuiciamiento dict\u00f3 sentencia condenatoria en contra de Miguel Lutzow -por el delito de ejercicio abusivo de funciones- y se le impuso una pena de cinco a\u00f1os y tres meses de c\u00e1rcel.<\/p>\n\n\n\n<p>Tras apelar la sentencia, Lutzow ha recibido hoy los beneficios de seguir el proceso en arraigo domiciliario.<\/p>\n","protected":false},"excerpt":{"rendered":"<p>Estar\u00e1 en arraigo domiciliario <\/p>\n","protected":false},"author":4,"featured_media":33558,"comment_status":"closed","ping_status":"closed","sticky":false,"template":"","format":"standard","meta":{"_et_pb_use_builder":"off","_et_pb_old_content":"","_et_gb_content_width":"","footnotes":""},"categories":[412,62],"tags":[],"class_list":["post-33556","post","type-post","status-publish","format-standard","has-post-thumbnail","hentry","category-destacado","category-redaccion"],"_links":{"self":[{"href":"https:\/\/gerardoduque.com.mx\/index.php?rest_route=\/wp\/v2\/posts\/33556","targetHints":{"allow":["GET"]}}],"collection":[{"href":"https:\/\/gerardoduque.com.mx\/index.php?rest_route=\/wp\/v2\/posts"}],"about":[{"href":"https:\/\/gerardoduque.com.mx\/index.php?rest_route=\/wp\/v2\/types\/post"}],"author":[{"embeddable":true,"href":"https:\/\/gerardoduque.com.mx\/index.php?rest_route=\/wp\/v2\/users\/4"}],"replies":[{"embeddable":true,"href":"https:\/\/gerardoduque.com.mx\/index.php?rest_route=%2Fwp%2Fv2%2Fcomments&post=33556"}],"version-history":[{"count":0,"href":"https:\/\/gerardoduque.com.mx\/index.php?rest_route=\/wp\/v2\/posts\/33556\/revisions"}],"wp:featuredmedia":[{"embeddable":true,"href":"https:\/\/gerardoduque.com.mx\/index.php?rest_route=\/wp\/v2\/media\/33558"}],"wp:attachment":[{"href":"https:\/\/gerardoduque.com.mx\/index.php?rest_route=%2Fwp%2Fv2%2Fmedia&parent=33556"}],"wp:term":[{"taxonomy":"category","embeddable":true,"href":"https:\/\/gerardoduque.com.mx\/index.php?rest_route=%2Fwp%2Fv2%2Fcategories&post=33556"},{"taxonomy":"post_tag","embeddable":true,"href":"https:\/\/gerardoduque.com.mx\/index.php?rest_route=%2Fwp%2Fv2%2Ftags&post=33556"}],"curies":[{"name":"wp","href":"https:\/\/api.w.org\/{rel}","templated":true}]}}