{"id":33531,"date":"2025-01-31T23:43:50","date_gmt":"2025-02-01T05:43:50","guid":{"rendered":"https:\/\/gerardoduque.com.mx\/?p=33531"},"modified":"2025-01-31T23:43:54","modified_gmt":"2025-02-01T05:43:54","slug":"mama-narra-como-torturaban-a-su-hijo-en-el-salon-de-clases","status":"publish","type":"post","link":"https:\/\/gerardoduque.com.mx\/?p=33531","title":{"rendered":"MAM\u00c1 NARRA C\u00d3MO TORTURABAN A SU HIJO EN EL SAL\u00d3N DE CLASES"},"content":{"rendered":"\n<p><strong>GDL NOTICIAS <\/strong>entrevist\u00f3 a la mam\u00e1 del alumno que fue torturado y humillado por tres compa\u00f1eros dentro un sal\u00f3n de 2\u00ba. grado en la telesecundaria \u201cPlan de Ayala\u201d, en Rioverde, San Luis Potos\u00ed.<\/p>\n\n\n\n<p>Ang\u00e9lica asegur\u00f3 que, con anticipaci\u00f3n, ella ya hab\u00eda reportado ante las autoridades educativas m\u00e1s agresiones que sufri\u00f3 su hijo dentro del plantel.<\/p>\n\n\n\n<p>Incluso, el ni\u00f1o de doce a\u00f1os estuvo acudiendo a terapias psicol\u00f3gicas con un especialista privado.<\/p>\n\n\n\n<p>Ang\u00e9lica narr\u00f3 varios de los ataques que sufri\u00f3 su hijo.<\/p>\n\n\n\n<p><strong>\u201cVino la tentativa de violaci\u00f3n, que fue un chico que le puso -as\u00ed dicho por mi hijo- le puso un lapicero por atr\u00e1s\u2026 y la siguiente fue el d\u00eda 17 de diciembre donde cinco de los chicos lo agarraron a golpes y lo dejaron en el piso sin aire\u2026 hay otro chico de otro grado que lo ha seguido molestando incluso en la calle, ha llegado incluso a aventar piedras a mi domicilio\u2026\u201d<\/strong><\/p>\n\n\n\n<p>El video de la tortura fue grabado desde noviembre, pero se viraliz\u00f3 en horas recientes porque los propios estudiantes agresores lo compartieron a trav\u00e9s de redes sociales.<\/p>\n\n\n\n<p>En la videograbaci\u00f3n se observa c\u00f3mo la v\u00edctima intenta gritar, pero est\u00e1 amordazado, sentado, inmovilizado de manos y brazos con cinta canela, y sus pies atados con cuerda. Tres compa\u00f1eros lo amenazan con unas tijeras y amagan con darle a beber orines de un frasco.<\/p>\n\n\n\n<p><strong>\u201cEsto le va a pasar a todos los pinches negros que est\u00e9n mamando la verga\u2026 \u00a1m\u00e9tele las tijeras en el culo!\u201d, <\/strong>grita uno de los agresores.<\/p>\n\n\n\n<p>El secretario general de Gobierno del Estado de San Luis Potos\u00ed se pronunci\u00f3 tras difundirse las im\u00e1genes en medios de comunicaci\u00f3n.<\/p>\n\n\n\n<p><strong>\u201cEs grave lo que vimos en esa videograbaci\u00f3n\u2026 a los agresores -respetando el derecho a la educaci\u00f3n que deben tener- se les cambi\u00f3 de escuela\u2026 al afectado se le est\u00e1 dando acompa\u00f1amiento psicol\u00f3gico\u201d, <\/strong>inform\u00f3 Jos\u00e9 Guadalupe Torres S\u00e1nchez.<\/p>\n\n\n\n<p>Tras revelarse el video de la tortura, el ni\u00f1o explic\u00f3 a sus pap\u00e1s que hab\u00eda vivido amenazado por sus compa\u00f1eros de la telesecundaria.<\/p>\n\n\n\n<p><strong>\u201cMi hijo ten\u00eda mucha verg\u00fcenza, \u00e9l no quer\u00eda hablar, de hecho \u00e9l no nos hubiera dicho de eso hasta que salieron los videos porque \u00e9l ten\u00eda miedo porque estaba amenazado por esos ni\u00f1os\u2026 le dijeron que si \u00e9l dec\u00eda algo le iban a grapar las orejas\u2026 dice que las tijeras las pusieron en el techo para que supuestamente le cayeran a \u00e9l en su cabeza\u2026 lo que hicieron tambi\u00e9n es que le aventaron orina en su pecho\u2026 el director siempre me dec\u00eda que mi hijo era el culpable porque era \u00e9l quien se juntaba con ellos\u2026\u201d<\/strong><\/p>\n\n\n\n<p>La Procuradur\u00eda Estatal de Protecci\u00f3n de Ni\u00f1as, Ni\u00f1os y Adolescentes ya inici\u00f3 una carpeta de investigaci\u00f3n. Profesores y directivos, as\u00ed como los pap\u00e1s de los alumnos agresores tambi\u00e9n ser\u00e1n llamados a declarar.<\/p>\n\n\n\n<p><strong>\u201cNo voy a parar hasta hacer justicia\u2026 que castiguen de alguna manera ejemplar a ellos, y si no se puede a ellos -por menores-, contra sus padres\u2026 porque permiten llegar a estos extremos\u201d, <\/strong>sentenci\u00f3 la mam\u00e1 del secundarista torturado.<\/p>\n","protected":false},"excerpt":{"rendered":"<p>El director minimiz\u00f3 las denuncias de la se\u00f1ora <\/p>\n","protected":false},"author":4,"featured_media":33532,"comment_status":"closed","ping_status":"closed","sticky":false,"template":"","format":"standard","meta":{"_et_pb_use_builder":"off","_et_pb_old_content":"","_et_gb_content_width":"","footnotes":""},"categories":[412,62],"tags":[],"class_list":["post-33531","post","type-post","status-publish","format-standard","has-post-thumbnail","hentry","category-destacado","category-redaccion"],"_links":{"self":[{"href":"https:\/\/gerardoduque.com.mx\/index.php?rest_route=\/wp\/v2\/posts\/33531","targetHints":{"allow":["GET"]}}],"collection":[{"href":"https:\/\/gerardoduque.com.mx\/index.php?rest_route=\/wp\/v2\/posts"}],"about":[{"href":"https:\/\/gerardoduque.com.mx\/index.php?rest_route=\/wp\/v2\/types\/post"}],"author":[{"embeddable":true,"href":"https:\/\/gerardoduque.com.mx\/index.php?rest_route=\/wp\/v2\/users\/4"}],"replies":[{"embeddable":true,"href":"https:\/\/gerardoduque.com.mx\/index.php?rest_route=%2Fwp%2Fv2%2Fcomments&post=33531"}],"version-history":[{"count":0,"href":"https:\/\/gerardoduque.com.mx\/index.php?rest_route=\/wp\/v2\/posts\/33531\/revisions"}],"wp:featuredmedia":[{"embeddable":true,"href":"https:\/\/gerardoduque.com.mx\/index.php?rest_route=\/wp\/v2\/media\/33532"}],"wp:attachment":[{"href":"https:\/\/gerardoduque.com.mx\/index.php?rest_route=%2Fwp%2Fv2%2Fmedia&parent=33531"}],"wp:term":[{"taxonomy":"category","embeddable":true,"href":"https:\/\/gerardoduque.com.mx\/index.php?rest_route=%2Fwp%2Fv2%2Fcategories&post=33531"},{"taxonomy":"post_tag","embeddable":true,"href":"https:\/\/gerardoduque.com.mx\/index.php?rest_route=%2Fwp%2Fv2%2Ftags&post=33531"}],"curies":[{"name":"wp","href":"https:\/\/api.w.org\/{rel}","templated":true}]}}