{"id":33527,"date":"2025-01-31T23:03:43","date_gmt":"2025-02-01T05:03:43","guid":{"rendered":"https:\/\/gerardoduque.com.mx\/?p=33527"},"modified":"2025-01-31T23:03:47","modified_gmt":"2025-02-01T05:03:47","slug":"muy-complicada-la-situacion-esto-va-para-largo-procesan-campo-de-exterminio-en-rioverde","status":"publish","type":"post","link":"https:\/\/gerardoduque.com.mx\/?p=33527","title":{"rendered":"\u00abMUY COMPLICADA LA SITUACI\u00d3N, ESTO VA PARA LARGO\u00bb: PROCESAN CAMPO DE EXTERMINIO EN RIOVERDE"},"content":{"rendered":"\n<p>En el municipio de Rioverde se localiz\u00f3 un campamento que era utilizado por integrantes del crimen organizado.<\/p>\n\n\n\n<p>El hallazgo se realiz\u00f3 en tierras de uso com\u00fan, en la comunidad de Agua Dulce, cerca de los l\u00edmites con el municipio de San Ciro de Acosta, en la zona Media potosina.<\/p>\n\n\n\n<p>Las labores de prospecci\u00f3n, inspecci\u00f3n y levantamiento de indicios se han realizado durante tres d\u00edas, y se prev\u00e9 que se extender\u00e1n -al menos- hasta el pr\u00f3ximo martes.<\/p>\n\n\n\n<p><strong>\u201cEsto va para largo porque s\u00ed est\u00e1 muy complicada la situaci\u00f3n\u201d,<\/strong> advirti\u00f3 la profesora Edith P\u00e9rez Rodr\u00edguez, presidenta del colectivo \u201cVoz y Dignidad por los Nuestros\u201d.<\/p>\n\n\n\n<p>En el \u00e1rea, colectivos de b\u00fasqueda y autoridades identificaron restos \u00f3seos, algunos enterrados en fosas clandestinas. Hasta ahora se desconoce el n\u00famero de personas a las cuales corresponder\u00edan \u00e9stos.<\/p>\n\n\n\n<p><strong>\u201cEs mucho, y se va a continuar la siguiente semana\u201d, <\/strong>adelant\u00f3 Edith P\u00e9rez Rodr\u00edguez.<\/p>\n\n\n\n<p>Tambi\u00e9n han sido encontradas diversas prendas de vestir.<\/p>\n\n\n\n<p>De acuerdo a las condiciones en que fueron hallados los huesos, se presume que los cuerpos de las v\u00edctimas habr\u00edan sido disueltos en \u00e1cido.<\/p>\n\n\n\n<p>En las diligencias participa personal de la Fiscal\u00eda General del Estado, de la Comisi\u00f3n Estatal de B\u00fasqueda, as\u00ed como elementos de la Guardia Nacional, y familiares de desaparecidos.<\/p>\n","protected":false},"excerpt":{"rendered":"<p>Se encuentra en los l\u00edmites con San Ciro de Acosta <\/p>\n","protected":false},"author":4,"featured_media":33528,"comment_status":"closed","ping_status":"closed","sticky":false,"template":"","format":"standard","meta":{"_et_pb_use_builder":"off","_et_pb_old_content":"","_et_gb_content_width":"","footnotes":""},"categories":[412,62],"tags":[],"class_list":["post-33527","post","type-post","status-publish","format-standard","has-post-thumbnail","hentry","category-destacado","category-redaccion"],"_links":{"self":[{"href":"https:\/\/gerardoduque.com.mx\/index.php?rest_route=\/wp\/v2\/posts\/33527","targetHints":{"allow":["GET"]}}],"collection":[{"href":"https:\/\/gerardoduque.com.mx\/index.php?rest_route=\/wp\/v2\/posts"}],"about":[{"href":"https:\/\/gerardoduque.com.mx\/index.php?rest_route=\/wp\/v2\/types\/post"}],"author":[{"embeddable":true,"href":"https:\/\/gerardoduque.com.mx\/index.php?rest_route=\/wp\/v2\/users\/4"}],"replies":[{"embeddable":true,"href":"https:\/\/gerardoduque.com.mx\/index.php?rest_route=%2Fwp%2Fv2%2Fcomments&post=33527"}],"version-history":[{"count":0,"href":"https:\/\/gerardoduque.com.mx\/index.php?rest_route=\/wp\/v2\/posts\/33527\/revisions"}],"wp:featuredmedia":[{"embeddable":true,"href":"https:\/\/gerardoduque.com.mx\/index.php?rest_route=\/wp\/v2\/media\/33528"}],"wp:attachment":[{"href":"https:\/\/gerardoduque.com.mx\/index.php?rest_route=%2Fwp%2Fv2%2Fmedia&parent=33527"}],"wp:term":[{"taxonomy":"category","embeddable":true,"href":"https:\/\/gerardoduque.com.mx\/index.php?rest_route=%2Fwp%2Fv2%2Fcategories&post=33527"},{"taxonomy":"post_tag","embeddable":true,"href":"https:\/\/gerardoduque.com.mx\/index.php?rest_route=%2Fwp%2Fv2%2Ftags&post=33527"}],"curies":[{"name":"wp","href":"https:\/\/api.w.org\/{rel}","templated":true}]}}