{"id":33495,"date":"2025-01-30T19:00:45","date_gmt":"2025-01-31T01:00:45","guid":{"rendered":"https:\/\/gerardoduque.com.mx\/?p=33495"},"modified":"2025-01-30T19:00:49","modified_gmt":"2025-01-31T01:00:49","slug":"tras-agresion-a-guardia-estatal-se-movilizan-ejercito-y-policias-al-norte-de-valles","status":"publish","type":"post","link":"https:\/\/gerardoduque.com.mx\/?p=33495","title":{"rendered":"TRAS AGRESI\u00d3N A GUARDIA ESTATAL SE MOVILIZAN EJ\u00c9RCITO Y POLIC\u00cdAS AL NORTE DE VALLES"},"content":{"rendered":"\n<p>Alrededor de la una de la tarde de este jueves se report\u00f3 que agentes de la Guardia Civil Estatal fueron agredidos con disparos de arma de fuego a inmediaciones del ejido Laguna del Marte, al norte de Ciudad Valles.<\/p>\n\n\n\n<p>Tras el llamado de alerta se despleg\u00f3 en la zona un operativo para intentar rastrear a los atacantes quienes se presume que se desplazaban en una camioneta marca KIA color blanco, y huyeron por caminos de terracer\u00eda para internarse en la falda de la sierra del Abra \u2013 Tanchipa.<\/p>\n\n\n\n<p>Pese a la movilizaci\u00f3n de SEDENA, Polic\u00edas de la FGE y agentes de la Guardia Civil, no se reportan detenidos.<\/p>\n\n\n\n<p>Hasta las siete de la tarde la Secretar\u00eda de Seguridad Estatal no ha emitido comunicado oficial al respecto.<\/p>\n","protected":false},"excerpt":{"rendered":"<p>No se reportan detenidos <\/p>\n","protected":false},"author":4,"featured_media":33496,"comment_status":"closed","ping_status":"closed","sticky":false,"template":"","format":"standard","meta":{"_et_pb_use_builder":"off","_et_pb_old_content":"","_et_gb_content_width":"","footnotes":""},"categories":[412,62],"tags":[],"class_list":["post-33495","post","type-post","status-publish","format-standard","has-post-thumbnail","hentry","category-destacado","category-redaccion"],"_links":{"self":[{"href":"https:\/\/gerardoduque.com.mx\/index.php?rest_route=\/wp\/v2\/posts\/33495","targetHints":{"allow":["GET"]}}],"collection":[{"href":"https:\/\/gerardoduque.com.mx\/index.php?rest_route=\/wp\/v2\/posts"}],"about":[{"href":"https:\/\/gerardoduque.com.mx\/index.php?rest_route=\/wp\/v2\/types\/post"}],"author":[{"embeddable":true,"href":"https:\/\/gerardoduque.com.mx\/index.php?rest_route=\/wp\/v2\/users\/4"}],"replies":[{"embeddable":true,"href":"https:\/\/gerardoduque.com.mx\/index.php?rest_route=%2Fwp%2Fv2%2Fcomments&post=33495"}],"version-history":[{"count":0,"href":"https:\/\/gerardoduque.com.mx\/index.php?rest_route=\/wp\/v2\/posts\/33495\/revisions"}],"wp:featuredmedia":[{"embeddable":true,"href":"https:\/\/gerardoduque.com.mx\/index.php?rest_route=\/wp\/v2\/media\/33496"}],"wp:attachment":[{"href":"https:\/\/gerardoduque.com.mx\/index.php?rest_route=%2Fwp%2Fv2%2Fmedia&parent=33495"}],"wp:term":[{"taxonomy":"category","embeddable":true,"href":"https:\/\/gerardoduque.com.mx\/index.php?rest_route=%2Fwp%2Fv2%2Fcategories&post=33495"},{"taxonomy":"post_tag","embeddable":true,"href":"https:\/\/gerardoduque.com.mx\/index.php?rest_route=%2Fwp%2Fv2%2Ftags&post=33495"}],"curies":[{"name":"wp","href":"https:\/\/api.w.org\/{rel}","templated":true}]}}