{"id":33488,"date":"2025-01-30T18:03:55","date_gmt":"2025-01-31T00:03:55","guid":{"rendered":"https:\/\/gerardoduque.com.mx\/?p=33488"},"modified":"2025-01-30T18:03:58","modified_gmt":"2025-01-31T00:03:58","slug":"torturan-a-companero-de-secundaria-en-el-salon-de-clases-lo-grabaron-y-compartieron-en-redes","status":"publish","type":"post","link":"https:\/\/gerardoduque.com.mx\/?p=33488","title":{"rendered":"TORTURAN A COMPA\u00d1ERO DE SECUNDARIA EN EL SAL\u00d3N DE CLASES&#8230; LO GRABARON Y COMPARTIERON EN REDES"},"content":{"rendered":"\n<p>El acto de humillaci\u00f3n y tortura hacia un compa\u00f1ero de clases fue videograbado por estudiantes dentro de un aula en la telesecundaria \u201cPlan de Ayala\u201d, ubicada en la cabecera municipal de Rioverde, en la zona Media de San Luis Potos\u00ed.<\/p>\n\n\n\n<p>Las im\u00e1genes han comenzado a compartirse a trav\u00e9s de WhatsApp y TikTok.<\/p>\n\n\n\n<p>El estudiante intenta gritar debido a la angustia, pero se encuentra amordazado, sentado en un pupitre en el centro del sal\u00f3n de clases.<\/p>\n\n\n\n<p>Tambi\u00e9n ha sido inmovilizado de brazos y manos con cinta canela, y amarrado de los pies con una cuerda.<\/p>\n\n\n\n<p>Un alumno graba con celular en mano, mientras otros compa\u00f1eros contin\u00faan con la tortura.<\/p>\n\n\n\n<p>Amenazan a la v\u00edctima con unas tijeras y amagan con darle a beber orines que le acercan al rostro en un frasco de vidrio.<\/p>\n\n\n\n<p><strong><em>\u201cEsto le va a pasar a todos los pinches negros que est\u00e9n mamando la verga\u2026 \u00a1m\u00e9tele las tijeras en el culo\u2026!\u201d<\/em><\/strong><\/p>\n\n\n\n<p>La Secretar\u00eda de Educaci\u00f3n de Gobierno de San Luis Potos\u00ed revel\u00f3 que estos hechos fueron denunciados por un familiar directo de la v\u00edctima a mediados del mes de enero.<\/p>\n\n\n\n<p>Desde entonces se procedi\u00f3 con medidas precautorias y se trabaja en coordinaci\u00f3n con la Procuradur\u00eda de Protecci\u00f3n de Ni\u00f1as, Ni\u00f1os y Adolescentes.<\/p>\n","protected":false},"excerpt":{"rendered":"<p>En el municipio de Rioverde <\/p>\n","protected":false},"author":4,"featured_media":33489,"comment_status":"closed","ping_status":"closed","sticky":false,"template":"","format":"standard","meta":{"_et_pb_use_builder":"off","_et_pb_old_content":"","_et_gb_content_width":"","footnotes":""},"categories":[412,62],"tags":[],"class_list":["post-33488","post","type-post","status-publish","format-standard","has-post-thumbnail","hentry","category-destacado","category-redaccion"],"_links":{"self":[{"href":"https:\/\/gerardoduque.com.mx\/index.php?rest_route=\/wp\/v2\/posts\/33488","targetHints":{"allow":["GET"]}}],"collection":[{"href":"https:\/\/gerardoduque.com.mx\/index.php?rest_route=\/wp\/v2\/posts"}],"about":[{"href":"https:\/\/gerardoduque.com.mx\/index.php?rest_route=\/wp\/v2\/types\/post"}],"author":[{"embeddable":true,"href":"https:\/\/gerardoduque.com.mx\/index.php?rest_route=\/wp\/v2\/users\/4"}],"replies":[{"embeddable":true,"href":"https:\/\/gerardoduque.com.mx\/index.php?rest_route=%2Fwp%2Fv2%2Fcomments&post=33488"}],"version-history":[{"count":0,"href":"https:\/\/gerardoduque.com.mx\/index.php?rest_route=\/wp\/v2\/posts\/33488\/revisions"}],"wp:featuredmedia":[{"embeddable":true,"href":"https:\/\/gerardoduque.com.mx\/index.php?rest_route=\/wp\/v2\/media\/33489"}],"wp:attachment":[{"href":"https:\/\/gerardoduque.com.mx\/index.php?rest_route=%2Fwp%2Fv2%2Fmedia&parent=33488"}],"wp:term":[{"taxonomy":"category","embeddable":true,"href":"https:\/\/gerardoduque.com.mx\/index.php?rest_route=%2Fwp%2Fv2%2Fcategories&post=33488"},{"taxonomy":"post_tag","embeddable":true,"href":"https:\/\/gerardoduque.com.mx\/index.php?rest_route=%2Fwp%2Fv2%2Ftags&post=33488"}],"curies":[{"name":"wp","href":"https:\/\/api.w.org\/{rel}","templated":true}]}}