{"id":33424,"date":"2025-01-28T22:07:22","date_gmt":"2025-01-29T04:07:22","guid":{"rendered":"https:\/\/gerardoduque.com.mx\/?p=33424"},"modified":"2025-01-29T21:29:44","modified_gmt":"2025-01-30T03:29:44","slug":"revelan-mas-transas-con-los-parquimetros-en-ciudad-valles","status":"publish","type":"post","link":"https:\/\/gerardoduque.com.mx\/?p=33424","title":{"rendered":"REVELAN M\u00c1S TRANSAS CON LOS PARQU\u00cdMETROS EN CIUDAD VALLES"},"content":{"rendered":"[et_pb_section admin_label=\u00bbsection\u00bb]\n\t\t\t[et_pb_row admin_label=\u00bbrow\u00bb]\n\t\t\t\t[et_pb_column type=\u00bb4_4&#8243;][et_pb_text admin_label=\u00bbText\u00bb]\n<p>Tras la reuni\u00f3n de este martes, previo a la negociaci\u00f3n con la empresa Iberparking, el regidor C\u00e9sar Ramos coment\u00f3 que salieron cifras de parqu\u00edmetros con varios a\u00f1os de uso a precios incluso m\u00e1s caros que equipos actuales.<\/p>\n\n\n\n<p><strong><em>\u201cNo podemos darle largas a temas que est\u00e1n mal, hay que ser claros, ya que la \u00e9poca del intercambio de espejitos fue hace siglos\u2026 ser\u00eda una incongruencia este tipo de transacciones\u201d<\/em><\/strong>, enfatiz\u00f3 el funcionario.<\/p>\n\n\n\n<p>\u201c<strong><em>Hoy, como Cabildo, dimos un avance significativo en el tema, y confiamos en que el presidente municipal aterrizar\u00e1 los temas de la mejor manera que no da\u00f1e al erario p\u00fablico\u2026 Pareciera que las cl\u00e1usulas hubieran sido estipuladas todas a favor del concesionario, hubo un trienio que ni contrato modificatorio se tomaron la molestia de hacer, fue incre\u00edble el actuar de funcionarios irresponsables del pasado\u201d<\/em><\/strong>, coment\u00f3 C\u00e9sar Ramos Clemente.<\/p>\n\n\n\n<p>Sobre la falsificaci\u00f3n de firmas, el regidor C\u00e9sar Ramos dijo que s\u00f3lo ser\u00eda una falta m\u00e1s a las irregularidades con las que le han permito operar a esta empresa.<\/p>\n[\/et_pb_text][\/et_pb_column]\n\t\t\t[\/et_pb_row]\n\t\t[\/et_pb_section]","protected":false},"excerpt":{"rendered":"<p>Pretenden cobrar equipos da\u00f1ados, como nuevos<\/p>\n","protected":false},"author":4,"featured_media":33425,"comment_status":"closed","ping_status":"closed","sticky":false,"template":"","format":"standard","meta":{"_et_pb_use_builder":"on","_et_pb_old_content":"<!-- wp:paragraph -->\n<p>Tras la reuni\u00f3n de este martes, previo a la negociaci\u00f3n con la empresa Iberparking, el regidor C\u00e9sar Ramos coment\u00f3 que salieron cifras de parqu\u00edmetros con varios a\u00f1os de uso a precios incluso m\u00e1s caros que equipos actuales.<\/p>\n<!-- \/wp:paragraph -->\n\n<!-- wp:paragraph -->\n<p><strong><em>\u201cNo podemos darle largas a temas que est\u00e1n mal, hay que ser claros, ya que la \u00e9poca del intercambio de espejitos fue hace siglos\u2026 ser\u00eda una incongruencia este tipo de transacciones\u201d<\/em><\/strong>, enfatiz\u00f3 el funcionario.<\/p>\n<!-- \/wp:paragraph -->\n\n<!-- wp:paragraph -->\n<p>\u201c<strong><em>Hoy, como Cabildo, dimos un avance significativo en el tema, y confiamos en que el presidente municipal aterrizar\u00e1 los temas de la mejor manera que no da\u00f1e al erario p\u00fablico\u2026 Pareciera que las cl\u00e1usulas hubieran sido estipuladas todas a favor del concesionario, hubo un trienio que ni contrato modificatorio se tomaron la molestia de hacer, fue incre\u00edble el actuar de funcionarios irresponsables del pasado\u201d<\/em><\/strong>, coment\u00f3 C\u00e9sar Ramos Clemente.<\/p>\n<!-- \/wp:paragraph -->\n\n<!-- wp:paragraph -->\n<p>Sobre la falsificaci\u00f3n de firmas, el regidor C\u00e9sar Ramos dijo que s\u00f3lo ser\u00eda una falta m\u00e1s a las irregularidades con las que le han permito operar a esta empresa.<\/p>\n<!-- \/wp:paragraph -->","_et_gb_content_width":"","footnotes":""},"categories":[412,62],"tags":[],"class_list":["post-33424","post","type-post","status-publish","format-standard","has-post-thumbnail","hentry","category-destacado","category-redaccion"],"_links":{"self":[{"href":"https:\/\/gerardoduque.com.mx\/index.php?rest_route=\/wp\/v2\/posts\/33424","targetHints":{"allow":["GET"]}}],"collection":[{"href":"https:\/\/gerardoduque.com.mx\/index.php?rest_route=\/wp\/v2\/posts"}],"about":[{"href":"https:\/\/gerardoduque.com.mx\/index.php?rest_route=\/wp\/v2\/types\/post"}],"author":[{"embeddable":true,"href":"https:\/\/gerardoduque.com.mx\/index.php?rest_route=\/wp\/v2\/users\/4"}],"replies":[{"embeddable":true,"href":"https:\/\/gerardoduque.com.mx\/index.php?rest_route=%2Fwp%2Fv2%2Fcomments&post=33424"}],"version-history":[{"count":0,"href":"https:\/\/gerardoduque.com.mx\/index.php?rest_route=\/wp\/v2\/posts\/33424\/revisions"}],"wp:featuredmedia":[{"embeddable":true,"href":"https:\/\/gerardoduque.com.mx\/index.php?rest_route=\/wp\/v2\/media\/33425"}],"wp:attachment":[{"href":"https:\/\/gerardoduque.com.mx\/index.php?rest_route=%2Fwp%2Fv2%2Fmedia&parent=33424"}],"wp:term":[{"taxonomy":"category","embeddable":true,"href":"https:\/\/gerardoduque.com.mx\/index.php?rest_route=%2Fwp%2Fv2%2Fcategories&post=33424"},{"taxonomy":"post_tag","embeddable":true,"href":"https:\/\/gerardoduque.com.mx\/index.php?rest_route=%2Fwp%2Fv2%2Ftags&post=33424"}],"curies":[{"name":"wp","href":"https:\/\/api.w.org\/{rel}","templated":true}]}}