{"id":33420,"date":"2025-01-28T19:43:37","date_gmt":"2025-01-29T01:43:37","guid":{"rendered":"https:\/\/gerardoduque.com.mx\/?p=33420"},"modified":"2025-01-28T19:43:43","modified_gmt":"2025-01-29T01:43:43","slug":"ejecutivo-estatal-listo-para-proceso-electoral-local-del-poder-judicial","status":"publish","type":"post","link":"https:\/\/gerardoduque.com.mx\/?p=33420","title":{"rendered":"EJECUTIVO ESTATAL LISTO PARA PROCESO ELECTORAL LOCAL DEL PODER JUDICIAL"},"content":{"rendered":"\n<p>El Poder Ejecutivo Estatal se report\u00f3 listo para el proceso electoral local extraordinario del Poder Judicial, que es in\u00e9dito y que ser\u00e1 apegado a cada una de las etapas que iniciaron el pasado 13 de enero con la instalaci\u00f3n y toma de protesta del Comit\u00e9 de Evaluaci\u00f3n.<\/p>\n\n\n\n<p>El secretario general de Gobierno, J. Guadalupe Torres S\u00e1nchez, explic\u00f3 que una vez conformado el Comit\u00e9, se trabaj\u00f3 en la emisi\u00f3n y publicaci\u00f3n de las reglas de funcionamiento y, posteriormente en la emisi\u00f3n y publicaci\u00f3n de la Convocatoria para las personas interesadas en participar en la elecci\u00f3n que estar\u00e1 abierta del 24 de enero al 2 de febrero.<\/p>\n\n\n\n<p>Exhort\u00f3 a los profesionales del Derecho a conocer los t\u00e9rminos de la convocatoria p\u00fablica para la evaluaci\u00f3n y selecci\u00f3n de candidaturas que ser\u00e1n postuladas por el Ejecutivo del Estado para los cargos de magistraturas del Supremo Tribunal de Justicia, jueces de primera instancia y magistraturas del Tribunal de Disciplina Judicial y al cumplir con ellos, participar en el proceso.<\/p>\n\n\n\n<p>Coment\u00f3 que la convocatoria est\u00e1 abierta a personas con conocimiento del Derecho, experiencia profesional, trayectoria acad\u00e9mica, honestidad y buena fama p\u00fablica y \u00e9tica judicial; una vez cerrado el plazo de registro, el Comit\u00e9 verificar\u00e1 que las personas aspirantes hayan enviado o presentado toda la documentaci\u00f3n e informaci\u00f3n requerida y cumplan los requisitos de elegibilidad establecidos en la convocatoria. La lista de Elegibilidad se publicar\u00e1 el pr\u00f3ximo 4 de febrero del 2025.<\/p>\n\n\n\n<p>El Comit\u00e9 de Evaluaci\u00f3n del Poder Ejecutivo del Estado est\u00e1 conformado por Olga Regina Garc\u00eda L\u00f3pez, como Presidenta del Comit\u00e9 junto con Jos\u00e9 Antonio Aguilar Reyes y Francisco Eduardo Rubio Guerrero, como integrante de ese \u00f3rgano.<\/p>\n","protected":false},"excerpt":{"rendered":"<p>Comit\u00e9 de Evaluaci\u00f3n emiti\u00f3 convocatoria para el proceso de evaluaci\u00f3n y selecci\u00f3n de las personas postuladas<\/p>\n","protected":false},"author":4,"featured_media":33421,"comment_status":"closed","ping_status":"closed","sticky":false,"template":"","format":"standard","meta":{"_et_pb_use_builder":"off","_et_pb_old_content":"","_et_gb_content_width":"","footnotes":""},"categories":[412,280],"tags":[72,66],"class_list":["post-33420","post","type-post","status-publish","format-standard","has-post-thumbnail","hentry","category-destacado","category-gob-slp","tag-gobierno-del-estado","tag-san-luis-potosi"],"_links":{"self":[{"href":"https:\/\/gerardoduque.com.mx\/index.php?rest_route=\/wp\/v2\/posts\/33420","targetHints":{"allow":["GET"]}}],"collection":[{"href":"https:\/\/gerardoduque.com.mx\/index.php?rest_route=\/wp\/v2\/posts"}],"about":[{"href":"https:\/\/gerardoduque.com.mx\/index.php?rest_route=\/wp\/v2\/types\/post"}],"author":[{"embeddable":true,"href":"https:\/\/gerardoduque.com.mx\/index.php?rest_route=\/wp\/v2\/users\/4"}],"replies":[{"embeddable":true,"href":"https:\/\/gerardoduque.com.mx\/index.php?rest_route=%2Fwp%2Fv2%2Fcomments&post=33420"}],"version-history":[{"count":0,"href":"https:\/\/gerardoduque.com.mx\/index.php?rest_route=\/wp\/v2\/posts\/33420\/revisions"}],"wp:featuredmedia":[{"embeddable":true,"href":"https:\/\/gerardoduque.com.mx\/index.php?rest_route=\/wp\/v2\/media\/33421"}],"wp:attachment":[{"href":"https:\/\/gerardoduque.com.mx\/index.php?rest_route=%2Fwp%2Fv2%2Fmedia&parent=33420"}],"wp:term":[{"taxonomy":"category","embeddable":true,"href":"https:\/\/gerardoduque.com.mx\/index.php?rest_route=%2Fwp%2Fv2%2Fcategories&post=33420"},{"taxonomy":"post_tag","embeddable":true,"href":"https:\/\/gerardoduque.com.mx\/index.php?rest_route=%2Fwp%2Fv2%2Ftags&post=33420"}],"curies":[{"name":"wp","href":"https:\/\/api.w.org\/{rel}","templated":true}]}}