{"id":33385,"date":"2025-01-28T11:45:26","date_gmt":"2025-01-28T17:45:26","guid":{"rendered":"https:\/\/gerardoduque.com.mx\/?p=33385"},"modified":"2025-01-28T11:45:30","modified_gmt":"2025-01-28T17:45:30","slug":"a-la-opinion-publica-en-defensa-de-la-prensa-libre-y-la-dignidad","status":"publish","type":"post","link":"https:\/\/gerardoduque.com.mx\/?p=33385","title":{"rendered":"A LA OPINI\u00d3N P\u00daBLICA: EN DEFENSA DE LA PRENSA LIBRE Y LA DIGNIDAD"},"content":{"rendered":"\n<p>En las \u00faltimas semanas, hemos sido testigos de una campa\u00f1a sin precedentes, dirigida no solo contra mi persona y mi familia, sino tambi\u00e9n contra los valores fundamentales de la prensa libre y el periodismo cr\u00edtico que hemos construido con Astrolabio y Antena San Luis. Esta embestida, que combina mentiras, desinformaci\u00f3n y un uso perverso de las redes sociales, busca desacreditar la labor de estos medios que, desde hace m\u00e1s de una d\u00e9cada, han denunciado con rigor las pr\u00e1cticas m\u00e1s oscuras del poder en San Luis Potos\u00ed y en el pa\u00eds.<\/p>\n\n\n\n<p>El caso particular del se\u00f1or Mario Luis Zulaica L\u00f3pez, actualmente detenido en los Estados Unidos bajo acusaciones graves de crimen organizado, ha sido usado como pretexto para fabricar una narrativa lesiva contra mi familia, mis colaboradores y las instituciones que representan el ejercicio period\u00edstico independiente. Es un intento deliberado de desviar la atenci\u00f3n y destruir la credibilidad de los medios que han apostado por investigar a fondo y exponer lo que muchos prefieren ocultar.<\/p>\n\n\n\n<p>Astrolabio y Antena San Luis han sido desde sus inicios trincheras para la libertad de expresi\u00f3n y la defensa de los derechos ciudadanos. Nuestros reportajes han se\u00f1alado, con pruebas y rigor, an\u00e1lisis certeros y con sustento irregularidades y abusos de poder en todos los niveles de gobierno y tambi\u00e9n la participaci\u00f3n de particulares en el lucro de lo p\u00fablico. Esto, inevitablemente, ha generado incomodidad entre quienes ven en el periodismo libre un obst\u00e1culo para sus intereses.<\/p>\n\n\n\n<p>Hoy, enfrentamos no solo ataques a nuestra labor period\u00edstica, sino una estrategia que busca ensuciar nuestras trayectorias personales y profesionales. Estas acusaciones infundadas, disfrazadas de noticias, circulan por canales an\u00f3nimos en redes sociales y portales digitales sin escr\u00fapulos, alimentando el linchamiento medi\u00e1tico y poniendo en riesgo la verdad y la justicia.<\/p>\n\n\n\n<p>Lamentablemente, este no es un caso aislado. Lo que ocurre hoy es una se\u00f1al de alerta para todos los ciudadanos que valoran la libertad de prensa y la transparencia. Un ataque a un medio cr\u00edtico es un ataque contra la sociedad misma. Lo que est\u00e1 en juego aqu\u00ed no es solo el nombre de mi familia o de mis empresas; es el derecho de la ciudadan\u00eda a estar informada con rigor, a cuestionar al poder y a exigir rendici\u00f3n de cuentas.<\/p>\n\n\n\n<p>Hoy el tema se ha convertido en un hervidero de chismorreo social sin datos duros, ni contundentes en la vinculaci\u00f3n a mi hijo mayor con conductas presuntamente il\u00edcitas relacionadas con el caso de su t\u00edo materno cuyos antecedentes son p\u00fablicos en su constante intento de extorsionarme.<\/p>\n\n\n\n<p>Sin embargo, si existiera alg\u00fan elemento de responsabilidad comprobado, ser\u00e9 el primero en exigir que las autoridades act\u00faen conforme a la ley y si mi hijo, que no tiene un proceso, que no ha sido sometido al escrutinio de un juzgado tiene alguna responsabilidad ser\u00e9 el primero en pedir que la pague, sin embargo, la verdad no puede ser manipulada ni distorsionada para convertirla en un arma de ataque contra quienes trabajamos con integridad por una sociedad mejor informada.<\/p>\n\n\n\n<p>Mi padre Jos\u00e9 Maya Castro lleg\u00f3 a la ciudad de San Luis Potos\u00ed en la d\u00e9cada de los setentas y la ciudad y su comunidad ha sido testigo de la cultura de trabajo y disciplina con la que hemos crecido un negocio que hoy tiene los dividendos del trabajo intenso, imparable y absolutamente l\u00edcito.<\/p>\n\n\n\n<p>Mi familia y yo somos la continuaci\u00f3n de su legado, en una ruta de servicio en donde nos hemos diversificado generando empleos y condiciones favorables para el estado.<\/p>\n\n\n\n<p>Hacemos un llamado a la ciudadan\u00eda potosina y a nuestros lectores para que no se dejen llevar por la desinformaci\u00f3n que circula sin fuentes verificables ni datos sustentados. Es momento de cerrar filas en defensa de los principios que hacen de una sociedad democr\u00e1tica un espacio de respeto, justicia y verdad.<\/p>\n\n\n\n<p>A quienes orquestan estas campa\u00f1as, les decimos: no nos doblegar\u00e1n. Seguiremos trabajando con el mismo compromiso y profesionalismo que ha caracterizado a nuestros medios desde su fundaci\u00f3n. La libertad de expresi\u00f3n y el periodismo cr\u00edtico no ser\u00e1n silenciados.<\/p>\n\n\n\n<p>Conf\u00edo en las instituciones y en la fuerza de la verdad.<\/p>\n\n\n\n<p>Estamos de pie, enfrentando este intento de linchamiento con la dignidad y el honor que siempre han guiado nuestra labor.<\/p>\n\n\n\n<p>La prensa libre no es solo una profesi\u00f3n, es una causa, y en San Luis Potos\u00ed seguiremos defendiendo esa causa con cada palabra, cada investigaci\u00f3n y cada verdad que publiquemos.<\/p>\n\n\n\n<p><strong>Miguel Maya Romero<\/strong><\/p>\n","protected":false},"excerpt":{"rendered":"<p>Por: MIGUEL MAYA ROMERO <\/p>\n","protected":false},"author":4,"featured_media":33387,"comment_status":"closed","ping_status":"closed","sticky":false,"template":"","format":"standard","meta":{"_et_pb_use_builder":"off","_et_pb_old_content":"","_et_gb_content_width":"","footnotes":""},"categories":[412,62],"tags":[],"class_list":["post-33385","post","type-post","status-publish","format-standard","has-post-thumbnail","hentry","category-destacado","category-redaccion"],"_links":{"self":[{"href":"https:\/\/gerardoduque.com.mx\/index.php?rest_route=\/wp\/v2\/posts\/33385","targetHints":{"allow":["GET"]}}],"collection":[{"href":"https:\/\/gerardoduque.com.mx\/index.php?rest_route=\/wp\/v2\/posts"}],"about":[{"href":"https:\/\/gerardoduque.com.mx\/index.php?rest_route=\/wp\/v2\/types\/post"}],"author":[{"embeddable":true,"href":"https:\/\/gerardoduque.com.mx\/index.php?rest_route=\/wp\/v2\/users\/4"}],"replies":[{"embeddable":true,"href":"https:\/\/gerardoduque.com.mx\/index.php?rest_route=%2Fwp%2Fv2%2Fcomments&post=33385"}],"version-history":[{"count":0,"href":"https:\/\/gerardoduque.com.mx\/index.php?rest_route=\/wp\/v2\/posts\/33385\/revisions"}],"wp:featuredmedia":[{"embeddable":true,"href":"https:\/\/gerardoduque.com.mx\/index.php?rest_route=\/wp\/v2\/media\/33387"}],"wp:attachment":[{"href":"https:\/\/gerardoduque.com.mx\/index.php?rest_route=%2Fwp%2Fv2%2Fmedia&parent=33385"}],"wp:term":[{"taxonomy":"category","embeddable":true,"href":"https:\/\/gerardoduque.com.mx\/index.php?rest_route=%2Fwp%2Fv2%2Fcategories&post=33385"},{"taxonomy":"post_tag","embeddable":true,"href":"https:\/\/gerardoduque.com.mx\/index.php?rest_route=%2Fwp%2Fv2%2Ftags&post=33385"}],"curies":[{"name":"wp","href":"https:\/\/api.w.org\/{rel}","templated":true}]}}