{"id":33360,"date":"2025-01-27T14:41:05","date_gmt":"2025-01-27T20:41:05","guid":{"rendered":"https:\/\/gerardoduque.com.mx\/?p=33360"},"modified":"2025-01-27T14:41:09","modified_gmt":"2025-01-27T20:41:09","slug":"ninos-levantados-en-slp-fueron-llevados-a-una-casa-en-zacatecas-antes-de-ser-liberados-fge","status":"publish","type":"post","link":"https:\/\/gerardoduque.com.mx\/?p=33360","title":{"rendered":"NI\u00d1OS \u201cLEVANTADOS\u201d EN SLP FUERON LLEVADOS A UNA CASA EN ZACATECAS ANTES DE SER LIBERADOS: FGE"},"content":{"rendered":"\n<p>Este lunes en entrevista, la titular de la Fiscal\u00eda General de San Luis Potos\u00ed, Mar\u00eda Manuela Garc\u00eda C\u00e1zares, confirm\u00f3 que los integrantes del equipo de f\u00fatbol infantil privados de la libertad el s\u00e1bado en territorio potosino, fueron llevados despu\u00e9s por el grupo de hombres armados a una casa en el vecino estado de Zacatecas.<\/p>\n\n\n\n<p><strong><em>\u201cEn total doce ni\u00f1os, once participantes y una ni\u00f1a que era la hija dele entrenador\u2026 ellos se dirig\u00edan hacia el estado de Zacatecas a participar a un torneo de f\u00fatbol cuando en el camino, adelante (del municipio) de Salinas, un convoy de varios sujetos los privaron de la libertad, despojaron al chofer de la camioneta, los llevaron hasta una casa, pero luego cuando escucharon mucha movilizaci\u00f3n decidieron soltarlos\u2026 lo \u00fanico que no se recuper\u00f3 fue la camioneta en la que viajaban la cual hab\u00eda sido alquilada para llevarlos hasta Zacatecas\u201d<\/em><\/strong><\/p>\n\n\n\n<p>Tras este suceso ocurrido hace cuarentaiocho horas, no hay detenidos.<\/p>\n","protected":false},"excerpt":{"rendered":"<p>No hay detenidos <\/p>\n","protected":false},"author":4,"featured_media":33361,"comment_status":"closed","ping_status":"closed","sticky":false,"template":"","format":"standard","meta":{"_et_pb_use_builder":"off","_et_pb_old_content":"","_et_gb_content_width":"","footnotes":""},"categories":[412,62],"tags":[],"class_list":["post-33360","post","type-post","status-publish","format-standard","has-post-thumbnail","hentry","category-destacado","category-redaccion"],"_links":{"self":[{"href":"https:\/\/gerardoduque.com.mx\/index.php?rest_route=\/wp\/v2\/posts\/33360","targetHints":{"allow":["GET"]}}],"collection":[{"href":"https:\/\/gerardoduque.com.mx\/index.php?rest_route=\/wp\/v2\/posts"}],"about":[{"href":"https:\/\/gerardoduque.com.mx\/index.php?rest_route=\/wp\/v2\/types\/post"}],"author":[{"embeddable":true,"href":"https:\/\/gerardoduque.com.mx\/index.php?rest_route=\/wp\/v2\/users\/4"}],"replies":[{"embeddable":true,"href":"https:\/\/gerardoduque.com.mx\/index.php?rest_route=%2Fwp%2Fv2%2Fcomments&post=33360"}],"version-history":[{"count":0,"href":"https:\/\/gerardoduque.com.mx\/index.php?rest_route=\/wp\/v2\/posts\/33360\/revisions"}],"wp:featuredmedia":[{"embeddable":true,"href":"https:\/\/gerardoduque.com.mx\/index.php?rest_route=\/wp\/v2\/media\/33361"}],"wp:attachment":[{"href":"https:\/\/gerardoduque.com.mx\/index.php?rest_route=%2Fwp%2Fv2%2Fmedia&parent=33360"}],"wp:term":[{"taxonomy":"category","embeddable":true,"href":"https:\/\/gerardoduque.com.mx\/index.php?rest_route=%2Fwp%2Fv2%2Fcategories&post=33360"},{"taxonomy":"post_tag","embeddable":true,"href":"https:\/\/gerardoduque.com.mx\/index.php?rest_route=%2Fwp%2Fv2%2Ftags&post=33360"}],"curies":[{"name":"wp","href":"https:\/\/api.w.org\/{rel}","templated":true}]}}