{"id":33341,"date":"2025-01-26T21:05:04","date_gmt":"2025-01-27T03:05:04","guid":{"rendered":"https:\/\/gerardoduque.com.mx\/?p=33341"},"modified":"2025-01-26T21:05:10","modified_gmt":"2025-01-27T03:05:10","slug":"oscar-hernandez-ira-a-otra-zona-de-slp-lo-remueven-de-la-huasteca","status":"publish","type":"post","link":"https:\/\/gerardoduque.com.mx\/?p=33341","title":{"rendered":"\u00d3SCAR HERN\u00c1NDEZ IR\u00c1 A OTRA ZONA DE SLP; LO REMUEVEN DE LA HUASTECA"},"content":{"rendered":"\n<p>\u00d3scar Hern\u00e1ndez, quien se ven\u00eda desempe\u00f1ando como jefe regional de la Guardia Civil Estatal en Valles y la Huasteca, es enviado ahora a otra zona de la entidad. &nbsp;<\/p>\n\n\n\n<p>La tarde del pasado jueves -en pleno centro de Ciudad Valles- los escoltas de \u00d3scar Hern\u00e1ndez impidieron el libre ejercicio de varios reporteros.<\/p>\n\n\n\n<p>Los agresores portaban uniforme de la GCE y pasamonta\u00f1as.<\/p>\n\n\n\n<p>Al menos siete de ellos usaron la fuerza f\u00edsica y el peso de su equipo t\u00e1ctico y de sus armas largas para intimidar a los comunicadores.<\/p>\n\n\n\n<p>Ello fue documentado ante la Secretar\u00eda de Gobernaci\u00f3n del Gobierno de la Rep\u00fablica y ante la organizaci\u00f3n internacional Art\u00edculo 19.<\/p>\n\n\n\n<p>Justo al momento de la agresi\u00f3n contra los reporteros, a escasos cincuenta metros de distancia, medio centenar de ciudadanos realizaban una manifestaci\u00f3n pac\u00edfica en la que denunciaban abusos de poder, levantones, extorsiones y asaltos, presuntamente perpetrados por el propio \u00d3scar Hern\u00e1ndez y por el grupo de \u201coperaciones especiales\u201d de la Guardia Civil Estatal que est\u00e1 a su mando.<\/p>\n\n\n\n<p>Aunque ya es un hecho el env\u00edo de \u00d3scar Hern\u00e1ndez hacia otra parte del estado, la GCE no ha brindado informaci\u00f3n detallada sobre cu\u00e1l ser\u00e1 su nueva jurisdicci\u00f3n y sus atribuciones.<\/p>\n","protected":false},"excerpt":{"rendered":"<p>Gobernaci\u00f3n y Art\u00edculo 19 ya fueron notificados sobre sus antecedentes <\/p>\n","protected":false},"author":4,"featured_media":33343,"comment_status":"closed","ping_status":"closed","sticky":false,"template":"","format":"standard","meta":{"_et_pb_use_builder":"off","_et_pb_old_content":"","_et_gb_content_width":"","footnotes":""},"categories":[412,62],"tags":[],"class_list":["post-33341","post","type-post","status-publish","format-standard","has-post-thumbnail","hentry","category-destacado","category-redaccion"],"_links":{"self":[{"href":"https:\/\/gerardoduque.com.mx\/index.php?rest_route=\/wp\/v2\/posts\/33341","targetHints":{"allow":["GET"]}}],"collection":[{"href":"https:\/\/gerardoduque.com.mx\/index.php?rest_route=\/wp\/v2\/posts"}],"about":[{"href":"https:\/\/gerardoduque.com.mx\/index.php?rest_route=\/wp\/v2\/types\/post"}],"author":[{"embeddable":true,"href":"https:\/\/gerardoduque.com.mx\/index.php?rest_route=\/wp\/v2\/users\/4"}],"replies":[{"embeddable":true,"href":"https:\/\/gerardoduque.com.mx\/index.php?rest_route=%2Fwp%2Fv2%2Fcomments&post=33341"}],"version-history":[{"count":0,"href":"https:\/\/gerardoduque.com.mx\/index.php?rest_route=\/wp\/v2\/posts\/33341\/revisions"}],"wp:featuredmedia":[{"embeddable":true,"href":"https:\/\/gerardoduque.com.mx\/index.php?rest_route=\/wp\/v2\/media\/33343"}],"wp:attachment":[{"href":"https:\/\/gerardoduque.com.mx\/index.php?rest_route=%2Fwp%2Fv2%2Fmedia&parent=33341"}],"wp:term":[{"taxonomy":"category","embeddable":true,"href":"https:\/\/gerardoduque.com.mx\/index.php?rest_route=%2Fwp%2Fv2%2Fcategories&post=33341"},{"taxonomy":"post_tag","embeddable":true,"href":"https:\/\/gerardoduque.com.mx\/index.php?rest_route=%2Fwp%2Fv2%2Ftags&post=33341"}],"curies":[{"name":"wp","href":"https:\/\/api.w.org\/{rel}","templated":true}]}}