{"id":33304,"date":"2025-01-25T17:29:19","date_gmt":"2025-01-25T23:29:19","guid":{"rendered":"https:\/\/gerardoduque.com.mx\/?p=33304"},"modified":"2025-01-25T17:29:24","modified_gmt":"2025-01-25T23:29:24","slug":"caen-mas-presuntos-involucrados-en-el-homicidio-del-alcalde-de-tancanhuitz","status":"publish","type":"post","link":"https:\/\/gerardoduque.com.mx\/?p=33304","title":{"rendered":"CAEN M\u00c1S PRESUNTOS INVOLUCRADOS EN EL HOMICIDIO DEL ALCALDE DE TANCANHUITZ"},"content":{"rendered":"\n<p>Este s\u00e1bado la Fiscal\u00eda del Estado de Guanajuato inform\u00f3 a trav\u00e9s de sus redes sociales, que fue desarticulada una c\u00e9lula criminal vinculada a m\u00faltiples eventos delictivos entre los que destaca el asesinato del alcalde de Tancanhuitz, municipio ubicado en la huasteca potosina.<\/p>\n\n\n\n<p>La operaci\u00f3n fue ejecutada con \u00f3rdenes de cateo en Celaya y Villagr\u00e1n (Guanajuato).<\/p>\n\n\n\n<p>Ah\u00ed se concret\u00f3 la captura de diecis\u00e9is presuntos miembros de la delincuencia organizada: Nueve hombre y siete mujeres<\/p>\n\n\n\n<p>Los detenidos fueron puestos a disposici\u00f3n de la autoridad competente para que enfrenten los cargos correspondientes.<\/p>\n\n\n\n<p>Tres de los detenidos fueron identificados como presuntos implicados en el crimen de Jes\u00fas Eduardo Franco L\u00e1rraga, quien era alcalde del municipio de Tancanhuitz, San Luis Potos\u00ed.<\/p>\n\n\n\n<p>Franco L\u00e1rraga fue asesinado el 15 de diciembre junto a tres de sus colaboradores, cuando viajaban sobre la carretera Valles \u2013 Tamazunchale.<\/p>\n\n\n\n<p>&#8211;<strong>YA HAB\u00cdA DOS DETENIDOS<\/strong>&#8211;<\/p>\n\n\n\n<p>Semanas atr\u00e1s, tambi\u00e9n en el estado de Guanajuato, ya hab\u00eda sido capturado otro de los probables asesinos materiales de Jes\u00fas Franco y de sus acompa\u00f1antes<\/p>\n\n\n\n<p>Tambi\u00e9n, treintais\u00e9is horas despu\u00e9s del crimen m\u00faltiple fue detenido Jos\u00e9 Guadalupe \u201cN\u201d alias \u201cPepelupe\u201d. De acuerdo a lo revelado por la titular de la fiscal\u00eda potosina -Mar\u00eda Manuela Garc\u00eda C\u00e1zares-, \u201cPepelupe\u201d habr\u00eda contratado a varios sicarios originarios de otro estado de la rep\u00fablica para asesinar al alcalde de Tancanhuitz. Jos\u00e9 Guadalupe \u201cPepelupe\u201d ya fue vinculado a proceso por ser presuntamente el autor intelectual del ataque.<\/p>\n","protected":false},"excerpt":{"rendered":"<p>Fueron detenidos en el vecino estado de Guanajuato  <\/p>\n","protected":false},"author":4,"featured_media":33306,"comment_status":"closed","ping_status":"closed","sticky":false,"template":"","format":"standard","meta":{"_et_pb_use_builder":"off","_et_pb_old_content":"","_et_gb_content_width":"","footnotes":""},"categories":[412,62],"tags":[],"class_list":["post-33304","post","type-post","status-publish","format-standard","has-post-thumbnail","hentry","category-destacado","category-redaccion"],"_links":{"self":[{"href":"https:\/\/gerardoduque.com.mx\/index.php?rest_route=\/wp\/v2\/posts\/33304","targetHints":{"allow":["GET"]}}],"collection":[{"href":"https:\/\/gerardoduque.com.mx\/index.php?rest_route=\/wp\/v2\/posts"}],"about":[{"href":"https:\/\/gerardoduque.com.mx\/index.php?rest_route=\/wp\/v2\/types\/post"}],"author":[{"embeddable":true,"href":"https:\/\/gerardoduque.com.mx\/index.php?rest_route=\/wp\/v2\/users\/4"}],"replies":[{"embeddable":true,"href":"https:\/\/gerardoduque.com.mx\/index.php?rest_route=%2Fwp%2Fv2%2Fcomments&post=33304"}],"version-history":[{"count":0,"href":"https:\/\/gerardoduque.com.mx\/index.php?rest_route=\/wp\/v2\/posts\/33304\/revisions"}],"wp:featuredmedia":[{"embeddable":true,"href":"https:\/\/gerardoduque.com.mx\/index.php?rest_route=\/wp\/v2\/media\/33306"}],"wp:attachment":[{"href":"https:\/\/gerardoduque.com.mx\/index.php?rest_route=%2Fwp%2Fv2%2Fmedia&parent=33304"}],"wp:term":[{"taxonomy":"category","embeddable":true,"href":"https:\/\/gerardoduque.com.mx\/index.php?rest_route=%2Fwp%2Fv2%2Fcategories&post=33304"},{"taxonomy":"post_tag","embeddable":true,"href":"https:\/\/gerardoduque.com.mx\/index.php?rest_route=%2Fwp%2Fv2%2Ftags&post=33304"}],"curies":[{"name":"wp","href":"https:\/\/api.w.org\/{rel}","templated":true}]}}