{"id":33245,"date":"2025-01-23T21:25:13","date_gmt":"2025-01-24T03:25:13","guid":{"rendered":"https:\/\/gerardoduque.com.mx\/?p=33245"},"modified":"2025-01-23T21:25:17","modified_gmt":"2025-01-24T03:25:17","slug":"policias-estatales-al-mando-de-oscar-hernandez-bloquearon-labor-de-reporteros-en-ciudad-valles","status":"publish","type":"post","link":"https:\/\/gerardoduque.com.mx\/?p=33245","title":{"rendered":"POLIC\u00cdAS ESTATALES AL MANDO DE \u00d3SCAR HERN\u00c1NDEZ BLOQUEARON LABOR DE REPORTEROS EN CIUDAD VALLES"},"content":{"rendered":"\n<p>La tarde de este jueves -en pleno centro de Ciudad Valles- oficiales de la Guardia Civil Estatal que portaban equipo t\u00e1ctico, pasamonta\u00f1as y armas largas, impidieron el libre ejercicio de varios reporteros.<\/p>\n\n\n\n<p>Los comunicadores buscaban entrevistar a \u00d3scar Hern\u00e1ndez, Jefe Regional de la GCE. Justo en ese momento, frente a la presidencia municipal, medio centenar de ciudadanos realizaban una manifestaci\u00f3n pac\u00edfica portando pancartas. Precisamente denunciaban abusos de poder, vejaciones e incluso asaltos a casa habitaci\u00f3n, presuntamente perpetrados por el propio \u00d3scar Hern\u00e1ndez y el grupo \u00e9lite del que dispone para patrullar Ciudad Valles y otros puntos de la zona Huasteca.<\/p>\n\n\n\n<p>Durante varios minutos el jefe de la Guardia Civil Estatal camin\u00f3 nervioso en la baqueta y sobre la calle Ju\u00e1rez, evadiendo responder las preguntas de los reporteros. Argumentaba estar \u201catendiendo una llamada telef\u00f3nica\u201d.<\/p>\n\n\n\n<p>A pesar que era v\u00eda p\u00fablica, los agentes estatales intentaron bloquear la labor informativa, oponiendo su fuerza f\u00edsica. Con brazos, piernas y fornituras imped\u00edan el libre tr\u00e1nsito de los reporteros. En tanto, manten\u00edan tambi\u00e9n paralizada la afluencia vehicular.<\/p>\n\n\n\n<p>Al no poder evadirse a bordo de una patrulla, el jefe regional de la Guardia Civil Estatal termin\u00f3 por abandonar la zona a bordo de una motocicleta, flanqueado por varios escoltas.<\/p>\n","protected":false},"excerpt":{"rendered":"<p>La tarde de este jueves -en pleno centro de Ciudad Valles- oficiales de la Guardia Civil Estatal que portaban equipo t\u00e1ctico, pasamonta\u00f1as y armas largas, impidieron el libre ejercicio de varios reporteros. Los comunicadores buscaban entrevistar a \u00d3scar Hern\u00e1ndez, Jefe Regional de la GCE. Justo en ese momento, frente a la presidencia municipal, medio centenar [&hellip;]<\/p>\n","protected":false},"author":4,"featured_media":33247,"comment_status":"closed","ping_status":"closed","sticky":false,"template":"","format":"standard","meta":{"_et_pb_use_builder":"off","_et_pb_old_content":"","_et_gb_content_width":"","footnotes":""},"categories":[412,62],"tags":[],"class_list":["post-33245","post","type-post","status-publish","format-standard","has-post-thumbnail","hentry","category-destacado","category-redaccion"],"_links":{"self":[{"href":"https:\/\/gerardoduque.com.mx\/index.php?rest_route=\/wp\/v2\/posts\/33245","targetHints":{"allow":["GET"]}}],"collection":[{"href":"https:\/\/gerardoduque.com.mx\/index.php?rest_route=\/wp\/v2\/posts"}],"about":[{"href":"https:\/\/gerardoduque.com.mx\/index.php?rest_route=\/wp\/v2\/types\/post"}],"author":[{"embeddable":true,"href":"https:\/\/gerardoduque.com.mx\/index.php?rest_route=\/wp\/v2\/users\/4"}],"replies":[{"embeddable":true,"href":"https:\/\/gerardoduque.com.mx\/index.php?rest_route=%2Fwp%2Fv2%2Fcomments&post=33245"}],"version-history":[{"count":0,"href":"https:\/\/gerardoduque.com.mx\/index.php?rest_route=\/wp\/v2\/posts\/33245\/revisions"}],"wp:featuredmedia":[{"embeddable":true,"href":"https:\/\/gerardoduque.com.mx\/index.php?rest_route=\/wp\/v2\/media\/33247"}],"wp:attachment":[{"href":"https:\/\/gerardoduque.com.mx\/index.php?rest_route=%2Fwp%2Fv2%2Fmedia&parent=33245"}],"wp:term":[{"taxonomy":"category","embeddable":true,"href":"https:\/\/gerardoduque.com.mx\/index.php?rest_route=%2Fwp%2Fv2%2Fcategories&post=33245"},{"taxonomy":"post_tag","embeddable":true,"href":"https:\/\/gerardoduque.com.mx\/index.php?rest_route=%2Fwp%2Fv2%2Ftags&post=33245"}],"curies":[{"name":"wp","href":"https:\/\/api.w.org\/{rel}","templated":true}]}}