{"id":33217,"date":"2025-01-23T07:49:39","date_gmt":"2025-01-23T13:49:39","guid":{"rendered":"https:\/\/gerardoduque.com.mx\/?p=33217"},"modified":"2025-01-23T07:49:43","modified_gmt":"2025-01-23T13:49:43","slug":"proteccion-civil-mantiene-activo-programa-emergente-por-frente-frio-24","status":"publish","type":"post","link":"https:\/\/gerardoduque.com.mx\/?p=33217","title":{"rendered":"PROTECCI\u00d3N CIVIL MANTIENE ACTIVO PROGRAMA EMERGENTE POR FRENTE FR\u00cdO 24"},"content":{"rendered":"\n<p>La Coordinaci\u00f3n Estatal de Protecci\u00f3n Civil y dependencias estatales activaron de manera emergente el programa invernal ante las bajas temperaturas que se registran por el frente fr\u00edo 24, mediante la entrega de cobertores y colchonetas a familias vulnerables, as\u00ed como el traslado de personas en situaci\u00f3n de calle a los refugios temporales.<\/p>\n\n\n\n<p>Con apoyo del Sistema Estatal Para el Desarrollo Integral de la Familia, la Secretar\u00eda de Desarrollo Social y Regional, el Instituto de Capacitaci\u00f3n para el Trabajo Estatal y el Instituto de Desarrollo Humano y Social de los Pueblos y Comunidades Ind\u00edgenas del Estado, Protecci\u00f3n Civil Estatal coordin\u00f3 las brigadas que llevaron apoyos invernales a comunidades de las cuatro regiones.<\/p>\n\n\n\n<p>Debido al frente fr\u00edo 24 y una masa de aire polar, desde el lunes se registran rachas de viento y temperaturas por debajo de los cero grados cent\u00edgrados en algunas partes altas del Estado, por lo que las brigadas entregaron cobijas a 150 familias de Los Amoles, y 50 de San Agust\u00edn, en Guadalc\u00e1zar; 160 familias del Rancho La Mesilla, en Salinas y a 200 de las localidades de Peregrinos, Bernalejo, el Llano y Ojo Caliente en Santa Mar\u00eda del R\u00edo.<\/p>\n\n\n\n<p>Personal del Sedesore y del DIF Estatal recorrieron las comunidades de Santa Mar\u00eda de R\u00edo para brindarles apoyos invernales, mientras que Protecci\u00f3n Civil realiz\u00f3 rondines nocturnos para detectar a personas en situaci\u00f3n de calle y llevarlos a los refugios habilitados en la zona metropolitana.<\/p>\n\n\n\n<p>Se recomend\u00f3 a la poblaci\u00f3n evitar calentarse con anafres o fogatas de le\u00f1a en interiores, ya que puede ser muy peligroso por el mon\u00f3xido de carbono, adem\u00e1s de cuidar a las personas adultas mayores y menores de edad, ya que las temperaturas podr\u00edan disminuir m\u00e1s para las pr\u00f3ximas horas.<\/p>\n","protected":false},"excerpt":{"rendered":"<p>Protecci\u00f3n Civil y dependencias estatales entregaron cobertores y colchonetas y trasladaron a personas en situaci\u00f3n de calle a refugios  <\/p>\n","protected":false},"author":4,"featured_media":33218,"comment_status":"closed","ping_status":"closed","sticky":false,"template":"","format":"standard","meta":{"_et_pb_use_builder":"off","_et_pb_old_content":"","_et_gb_content_width":"","footnotes":""},"categories":[412,280],"tags":[190,72,66],"class_list":["post-33217","post","type-post","status-publish","format-standard","has-post-thumbnail","hentry","category-destacado","category-gob-slp","tag-cepc","tag-gobierno-del-estado","tag-san-luis-potosi"],"_links":{"self":[{"href":"https:\/\/gerardoduque.com.mx\/index.php?rest_route=\/wp\/v2\/posts\/33217","targetHints":{"allow":["GET"]}}],"collection":[{"href":"https:\/\/gerardoduque.com.mx\/index.php?rest_route=\/wp\/v2\/posts"}],"about":[{"href":"https:\/\/gerardoduque.com.mx\/index.php?rest_route=\/wp\/v2\/types\/post"}],"author":[{"embeddable":true,"href":"https:\/\/gerardoduque.com.mx\/index.php?rest_route=\/wp\/v2\/users\/4"}],"replies":[{"embeddable":true,"href":"https:\/\/gerardoduque.com.mx\/index.php?rest_route=%2Fwp%2Fv2%2Fcomments&post=33217"}],"version-history":[{"count":0,"href":"https:\/\/gerardoduque.com.mx\/index.php?rest_route=\/wp\/v2\/posts\/33217\/revisions"}],"wp:featuredmedia":[{"embeddable":true,"href":"https:\/\/gerardoduque.com.mx\/index.php?rest_route=\/wp\/v2\/media\/33218"}],"wp:attachment":[{"href":"https:\/\/gerardoduque.com.mx\/index.php?rest_route=%2Fwp%2Fv2%2Fmedia&parent=33217"}],"wp:term":[{"taxonomy":"category","embeddable":true,"href":"https:\/\/gerardoduque.com.mx\/index.php?rest_route=%2Fwp%2Fv2%2Fcategories&post=33217"},{"taxonomy":"post_tag","embeddable":true,"href":"https:\/\/gerardoduque.com.mx\/index.php?rest_route=%2Fwp%2Fv2%2Ftags&post=33217"}],"curies":[{"name":"wp","href":"https:\/\/api.w.org\/{rel}","templated":true}]}}