{"id":33213,"date":"2025-01-22T12:13:07","date_gmt":"2025-01-22T18:13:07","guid":{"rendered":"https:\/\/gerardoduque.com.mx\/?p=33213"},"modified":"2025-01-22T12:13:11","modified_gmt":"2025-01-22T18:13:11","slug":"emergencia-por-temperaturas-congelantes-en-varias-zonas-de-la-entidad","status":"publish","type":"post","link":"https:\/\/gerardoduque.com.mx\/?p=33213","title":{"rendered":"EMERGENCIA POR TEMPERATURAS CONGELANTES EN VARIAS ZONAS DE LA ENTIDAD"},"content":{"rendered":"\n<p>La madrugada de este mi\u00e9rcoles se registr\u00f3 la ca\u00edda de aguanieve en varias zonas localizadas en serran\u00edas de la huasteca, en los l\u00edmites entre San Luis Potos\u00ed y Quer\u00e9taro.<\/p>\n\n\n\n<p>Debido al frente fr\u00edo n\u00famero 24 y a una masa de aire polar, el term\u00f3metro descendi\u00f3 a menos de 0\u00b0C en regiones monta\u00f1osas de Xilitla y Aquism\u00f3n. Tambi\u00e9n se resienten fuertes rachas de viento y bancos de niebla.<\/p>\n\n\n\n<p>En el bosque de La Trinidad (Xilitla) la temperatura descendi\u00f3 hasta -3 grados.<\/p>\n\n\n\n<p>En la localidad de Los Hornos (Aquism\u00f3n) la temperatura descendi\u00f3 a -2 grados.<\/p>\n\n\n\n<p>Son comunidades rurales donde m\u00e1s se padecen los estragos debido a las bajas temperaturas.<\/p>\n\n\n\n<p>Durante las primeras horas de este mi\u00e9rcoles tambi\u00e9n se reportan heladas en municipios de la zona Media de la entidad.<\/p>\n\n\n\n<p>Se registr\u00f3 la ca\u00edda de aguanieve en el municipio de Lagunillas.<\/p>\n\n\n\n<p>En el municipio de Rioverde, en lo alto de la sierra de Alameda, Alamitos y El Zapote, las hojas de las plantas amanecieron congeladas.<\/p>\n\n\n\n<p>En Ciudad del Ma\u00edz amanecieron con escarcha en comunidades como San Juan del Meco, Santa Barbarita, El Porvenir y Piedra Parada.<\/p>\n\n\n\n<p>En las \u00e1reas urbanas, personas en situaci\u00f3n de calle tambi\u00e9n se encuentran vulnerables ante el fr\u00edo extremo.<\/p>\n\n\n\n<p>La Coordinaci\u00f3n Estatal de Protecci\u00f3n Civil y varias dependencias estatales activaron un programa emergente. Se est\u00e1 realizando la entrega de cobertores y colchonetas a familias de escasos recursos y se realiza el traslado de personas a refugios temporales. Estas acciones se han extendido a comunidades de municipios como Guadalc\u00e1zar, Salinas y Santa Mar\u00eda del R\u00edo.<\/p>\n\n\n\n<p>En las brigadas tambi\u00e9n participan el DIF estatal, la Secretar\u00eda de Desarrollo Social y Regional, el Instituto de Capacitaci\u00f3n para el Trabajo, y el Instituto de Desarrollo de Pueblos y Comunidades Ind\u00edgenas del estado.<\/p>\n\n\n\n<p>Las autoridades recomiendan a la poblaci\u00f3n evitar calentarse con anafres o fogatas de le\u00f1a en espacios cerrados, ya que puede ser muy peligroso debido al mon\u00f3xido de carbono. Tambi\u00e9n se debe tener especial cuidado con las personas adultas mayores y con los ni\u00f1os.<\/p>\n","protected":false},"excerpt":{"rendered":"<p>El term\u00f3metro baj\u00f3 de cero grados en la Huasteca y zona Media  <\/p>\n","protected":false},"author":4,"featured_media":33215,"comment_status":"closed","ping_status":"closed","sticky":false,"template":"","format":"standard","meta":{"_et_pb_use_builder":"off","_et_pb_old_content":"","_et_gb_content_width":"","footnotes":""},"categories":[412,62],"tags":[],"class_list":["post-33213","post","type-post","status-publish","format-standard","has-post-thumbnail","hentry","category-destacado","category-redaccion"],"_links":{"self":[{"href":"https:\/\/gerardoduque.com.mx\/index.php?rest_route=\/wp\/v2\/posts\/33213","targetHints":{"allow":["GET"]}}],"collection":[{"href":"https:\/\/gerardoduque.com.mx\/index.php?rest_route=\/wp\/v2\/posts"}],"about":[{"href":"https:\/\/gerardoduque.com.mx\/index.php?rest_route=\/wp\/v2\/types\/post"}],"author":[{"embeddable":true,"href":"https:\/\/gerardoduque.com.mx\/index.php?rest_route=\/wp\/v2\/users\/4"}],"replies":[{"embeddable":true,"href":"https:\/\/gerardoduque.com.mx\/index.php?rest_route=%2Fwp%2Fv2%2Fcomments&post=33213"}],"version-history":[{"count":0,"href":"https:\/\/gerardoduque.com.mx\/index.php?rest_route=\/wp\/v2\/posts\/33213\/revisions"}],"wp:featuredmedia":[{"embeddable":true,"href":"https:\/\/gerardoduque.com.mx\/index.php?rest_route=\/wp\/v2\/media\/33215"}],"wp:attachment":[{"href":"https:\/\/gerardoduque.com.mx\/index.php?rest_route=%2Fwp%2Fv2%2Fmedia&parent=33213"}],"wp:term":[{"taxonomy":"category","embeddable":true,"href":"https:\/\/gerardoduque.com.mx\/index.php?rest_route=%2Fwp%2Fv2%2Fcategories&post=33213"},{"taxonomy":"post_tag","embeddable":true,"href":"https:\/\/gerardoduque.com.mx\/index.php?rest_route=%2Fwp%2Fv2%2Ftags&post=33213"}],"curies":[{"name":"wp","href":"https:\/\/api.w.org\/{rel}","templated":true}]}}