{"id":33185,"date":"2025-01-21T16:22:14","date_gmt":"2025-01-21T22:22:14","guid":{"rendered":"https:\/\/gerardoduque.com.mx\/?p=33185"},"modified":"2025-01-21T16:22:17","modified_gmt":"2025-01-21T22:22:17","slug":"pc-de-valles-recibe-vehiculos-y-equipo-de-trabajo","status":"publish","type":"post","link":"https:\/\/gerardoduque.com.mx\/?p=33185","title":{"rendered":"PC DE VALLES RECIBE VEH\u00cdCULOS Y EQUIPO DE TRABAJO"},"content":{"rendered":"\n<p>La coordinaci\u00f3n municipal de Protecci\u00f3n Civil recibi\u00f3 veh\u00edculos y equipo de trabajo por parte del Ayuntamiento.<\/p>\n\n\n\n<p>Estos recursos son fundamentales para hacer frente a situaciones de emergencia y durante contingencias<\/p>\n\n\n\n<p>C\u00e9sar Ramos Clemente, regidor responsable de la comisi\u00f3n de Protecci\u00f3n Civil, inform\u00f3 que al iniciar la presente administraci\u00f3n municipal busc\u00f3 un acercamiento con la tesorera y con el alcalde, y les hizo del conocimiento las carencias dentro de la coordinaci\u00f3n de PC.<\/p>\n\n\n\n<p>\u201cEn esa reuni\u00f3n se trazaron metas a corto, mediano y largo plazo, que benefician a la corporaci\u00f3n\u201d, se\u00f1al\u00f3 el funcionario.<\/p>\n\n\n\n<p>\u201cFinalmente, en horas recientes el alcalde David Medina cumpli\u00f3 con el compromiso y se entregaron tres unidades vehiculares nuevas, adem\u00e1s de herramientas para que se logre mejorar el trabajo de los integrantes de dicha \u00e1rea\u201d<\/p>\n\n\n\n<p>Con el nombramiento del nuevo director de PC municipal, Miguel \u00c1ngel S\u00e1nchez Hern\u00e1ndez, el regidor C\u00e9sar Ramos dijo que ya se tienen programadas reuniones, y que el pr\u00f3ximo viernes se llevar\u00e1 la primera de ellas con el personal, para aterrizar la manera de trabajo del nuevo director y seguir apoyando para los siguientes proyectos.<\/p>\n\n\n\n<p>C\u00e9sar Ramos Clemente dijo sentirse contento con el apoyo hacia el personal de PC municipal, y agradeci\u00f3 a la ciudadan\u00eda el apoyo, ya que la adquisici\u00f3n fue posible gracias a las recaudaciones que hace el Ayuntamiento de Ciudad Valles.<\/p>\n","protected":false},"excerpt":{"rendered":"<p>El regidor C\u00e9sar Ramos realiz\u00f3 la gesti\u00f3n <\/p>\n","protected":false},"author":4,"featured_media":33186,"comment_status":"closed","ping_status":"closed","sticky":false,"template":"","format":"standard","meta":{"_et_pb_use_builder":"off","_et_pb_old_content":"","_et_gb_content_width":"","footnotes":""},"categories":[412,62],"tags":[],"class_list":["post-33185","post","type-post","status-publish","format-standard","has-post-thumbnail","hentry","category-destacado","category-redaccion"],"_links":{"self":[{"href":"https:\/\/gerardoduque.com.mx\/index.php?rest_route=\/wp\/v2\/posts\/33185","targetHints":{"allow":["GET"]}}],"collection":[{"href":"https:\/\/gerardoduque.com.mx\/index.php?rest_route=\/wp\/v2\/posts"}],"about":[{"href":"https:\/\/gerardoduque.com.mx\/index.php?rest_route=\/wp\/v2\/types\/post"}],"author":[{"embeddable":true,"href":"https:\/\/gerardoduque.com.mx\/index.php?rest_route=\/wp\/v2\/users\/4"}],"replies":[{"embeddable":true,"href":"https:\/\/gerardoduque.com.mx\/index.php?rest_route=%2Fwp%2Fv2%2Fcomments&post=33185"}],"version-history":[{"count":0,"href":"https:\/\/gerardoduque.com.mx\/index.php?rest_route=\/wp\/v2\/posts\/33185\/revisions"}],"wp:featuredmedia":[{"embeddable":true,"href":"https:\/\/gerardoduque.com.mx\/index.php?rest_route=\/wp\/v2\/media\/33186"}],"wp:attachment":[{"href":"https:\/\/gerardoduque.com.mx\/index.php?rest_route=%2Fwp%2Fv2%2Fmedia&parent=33185"}],"wp:term":[{"taxonomy":"category","embeddable":true,"href":"https:\/\/gerardoduque.com.mx\/index.php?rest_route=%2Fwp%2Fv2%2Fcategories&post=33185"},{"taxonomy":"post_tag","embeddable":true,"href":"https:\/\/gerardoduque.com.mx\/index.php?rest_route=%2Fwp%2Fv2%2Ftags&post=33185"}],"curies":[{"name":"wp","href":"https:\/\/api.w.org\/{rel}","templated":true}]}}