{"id":33132,"date":"2025-01-19T20:02:01","date_gmt":"2025-01-20T02:02:01","guid":{"rendered":"https:\/\/gerardoduque.com.mx\/?p=33132"},"modified":"2025-01-19T20:02:06","modified_gmt":"2025-01-20T02:02:06","slug":"fiscalia-de-slp-oculta-detenciones-en-torno-a-la-desaparicion-de-daniela-martell","status":"publish","type":"post","link":"https:\/\/gerardoduque.com.mx\/?p=33132","title":{"rendered":"FISCAL\u00cdA DE SLP OCULTA DETENCIONES EN TORNO A LA DESAPARICI\u00d3N DE DANIELA MARTELL"},"content":{"rendered":"\n<p>Paloma \u201cN\u201d y un individuo fueron detenidos el pasado mi\u00e9rcoles 15 de enero.<\/p>\n\n\n\n<p>Ese mismo d\u00eda la Fiscal\u00eda General del Estado inform\u00f3 que en el municipio de Zaragoza fue localizado el autom\u00f3vil que conduc\u00eda la artista pl\u00e1stica Daniela Martell, reportada como desaparecida desde el 6 de enero. Sin embargo, hasta hoy domingo la Fiscal\u00eda General del Estado ha evadido brindar informaci\u00f3n institucional sobre la detenci\u00f3n de Paloma \u201cN\u201d y el individuo.<\/p>\n\n\n\n<p>En 2024 Paloma \u201cN\u201d fue incluida en un listado del Partido Verde de los aspirantes a la candidatura a la presidencia municipal de Zaragoza.<\/p>\n\n\n\n<p>Finalmente el PVEM postul\u00f3 a otra persona, pero Paloma \u201cN\u201d s\u00ed estuvo en la boleta electoral abanderada por el partido Movimiento Ciudadano.<\/p>\n\n\n\n<p>Las autoridades presumen que Paloma \u201cN\u201d y el individuo capturado junto a ella el mi\u00e9rcoles est\u00e1n vinculados a un grupo de la delincuencia organizada.<\/p>\n\n\n\n<p>La Fiscal\u00eda General del Estado tambi\u00e9n ha evitado pronunciarse sobre el hallazgo de varios cuerpos, reportado el viernes en el municipio de Zaragoza.<\/p>\n\n\n\n<p>La FGE tampoco ha publicado fotograf\u00edas del autom\u00f3vil localizado el mi\u00e9rcoles en Zaragoza.<\/p>\n","protected":false},"excerpt":{"rendered":"<p>Una mujer capturada estuvo vinculadas al Partido Verde recientemente <\/p>\n","protected":false},"author":4,"featured_media":33133,"comment_status":"closed","ping_status":"closed","sticky":false,"template":"","format":"standard","meta":{"_et_pb_use_builder":"off","_et_pb_old_content":"","_et_gb_content_width":"","footnotes":""},"categories":[412,62],"tags":[],"class_list":["post-33132","post","type-post","status-publish","format-standard","has-post-thumbnail","hentry","category-destacado","category-redaccion"],"_links":{"self":[{"href":"https:\/\/gerardoduque.com.mx\/index.php?rest_route=\/wp\/v2\/posts\/33132","targetHints":{"allow":["GET"]}}],"collection":[{"href":"https:\/\/gerardoduque.com.mx\/index.php?rest_route=\/wp\/v2\/posts"}],"about":[{"href":"https:\/\/gerardoduque.com.mx\/index.php?rest_route=\/wp\/v2\/types\/post"}],"author":[{"embeddable":true,"href":"https:\/\/gerardoduque.com.mx\/index.php?rest_route=\/wp\/v2\/users\/4"}],"replies":[{"embeddable":true,"href":"https:\/\/gerardoduque.com.mx\/index.php?rest_route=%2Fwp%2Fv2%2Fcomments&post=33132"}],"version-history":[{"count":0,"href":"https:\/\/gerardoduque.com.mx\/index.php?rest_route=\/wp\/v2\/posts\/33132\/revisions"}],"wp:featuredmedia":[{"embeddable":true,"href":"https:\/\/gerardoduque.com.mx\/index.php?rest_route=\/wp\/v2\/media\/33133"}],"wp:attachment":[{"href":"https:\/\/gerardoduque.com.mx\/index.php?rest_route=%2Fwp%2Fv2%2Fmedia&parent=33132"}],"wp:term":[{"taxonomy":"category","embeddable":true,"href":"https:\/\/gerardoduque.com.mx\/index.php?rest_route=%2Fwp%2Fv2%2Fcategories&post=33132"},{"taxonomy":"post_tag","embeddable":true,"href":"https:\/\/gerardoduque.com.mx\/index.php?rest_route=%2Fwp%2Fv2%2Ftags&post=33132"}],"curies":[{"name":"wp","href":"https:\/\/api.w.org\/{rel}","templated":true}]}}