{"id":33047,"date":"2025-01-16T18:28:24","date_gmt":"2025-01-17T00:28:24","guid":{"rendered":"https:\/\/gerardoduque.com.mx\/?p=33047"},"modified":"2025-01-16T18:28:28","modified_gmt":"2025-01-17T00:28:28","slug":"slp-se-une-al-convenio-para-el-componente-indigena-del-fondo-de-aportaciones-para-la-infraestructura-social","status":"publish","type":"post","link":"https:\/\/gerardoduque.com.mx\/?p=33047","title":{"rendered":"SLP SE UNE AL CONVENIO PARA EL COMPONENTE IND\u00cdGENA DEL FONDO DE APORTACIONES PARA LA INFRAESTRUCTURA SOCIAL"},"content":{"rendered":"\n<p>El Gobernador de San Luis Potos\u00ed Ricardo Gallardo Cardona, particip\u00f3 en el Encuentro Nacional Municipal, que encabez\u00f3 la Presidenta de M\u00e9xico, Claudia Sheinbaum Pardo, en el que firmaron el convenio para la creaci\u00f3n del componente ind\u00edgena del Fondo de Aportaci\u00f3n para la Infraestructura Social (FAIS).<\/p>\n\n\n\n<p>Tras la reuni\u00f3n, el Jefe de Gobierno del Estado coincidi\u00f3 en el exhorto de la Presidenta de M\u00e9xico para continuar trabajando a favor del bienestar de la poblaci\u00f3n, y respald\u00f3 la cohesi\u00f3n de recursos federales, estatales y municipales para adelantar la estrategia del Gobierno en seguridad, desarrollo de pueblos y comunidades ind\u00edgenas, y abasto y distribuci\u00f3n de agua.<\/p>\n\n\n\n<p>Asimismo, destac\u00f3 la firma del convenio para unir recursos federales, estatales y municipales para el desarrollo de los pueblos y comunidades ind\u00edgenas y afromexicanas, que deber\u00e1n realizar sus propias asambleas, para decidir en qu\u00e9 se invertir\u00e1n los recursos, con honestidad y eficacia.<\/p>\n\n\n\n<p>Se apoy\u00f3 la estrategia nacional de seguridad, con el proyecto de construcci\u00f3n de paz, que consolida caminos de paz, con iluminaci\u00f3n, pavimentaci\u00f3n y entornos seguros, para que mujeres y ni\u00f1as se sientan m\u00e1s seguras en sus comunidades, as\u00ed como la atenci\u00f3n a las causas generadoras de violencia y sobre todo la coordinaci\u00f3n para incrementar los niveles de seguridad en el Estado.<\/p>\n\n\n\n<p>Al evento fueron convocados tambi\u00e9n los m\u00e1s de dos mil 470 presidentes municipales del pa\u00eds por la Secretar\u00eda de Gobernaci\u00f3n y la Secretar\u00eda del Bienestar, al igual que los Gobernadores, para darle continuidad a la coordinaci\u00f3n de los tres niveles de Gobierno, en la aplicaci\u00f3n de presupuestos de manera eficiente y a favor del desarrollo y el bienestar de la poblaci\u00f3n de pueblos y comunidades ind\u00edgenas, as\u00ed como de la seguridad p\u00fablica del pa\u00eds y la garant\u00eda del agua como un derecho humano.<\/p>\n","protected":false},"excerpt":{"rendered":"<p>El Gobernador de San Luis Potos\u00ed Ricardo Gallardo Cardona, particip\u00f3 en el Encuentro Nacional Municipal, que encabez\u00f3 la Presidenta de M\u00e9xico, Claudia Sheinbaum Pardo, en el que firmaron el convenio para la creaci\u00f3n del componente ind\u00edgena del Fondo de Aportaci\u00f3n para la Infraestructura Social (FAIS). Tras la reuni\u00f3n, el Jefe de Gobierno del Estado coincidi\u00f3 [&hellip;]<\/p>\n","protected":false},"author":4,"featured_media":33050,"comment_status":"closed","ping_status":"closed","sticky":false,"template":"","format":"standard","meta":{"_et_pb_use_builder":"off","_et_pb_old_content":"","_et_gb_content_width":"","footnotes":""},"categories":[412,280],"tags":[72,66],"class_list":["post-33047","post","type-post","status-publish","format-standard","has-post-thumbnail","hentry","category-destacado","category-gob-slp","tag-gobierno-del-estado","tag-san-luis-potosi"],"_links":{"self":[{"href":"https:\/\/gerardoduque.com.mx\/index.php?rest_route=\/wp\/v2\/posts\/33047","targetHints":{"allow":["GET"]}}],"collection":[{"href":"https:\/\/gerardoduque.com.mx\/index.php?rest_route=\/wp\/v2\/posts"}],"about":[{"href":"https:\/\/gerardoduque.com.mx\/index.php?rest_route=\/wp\/v2\/types\/post"}],"author":[{"embeddable":true,"href":"https:\/\/gerardoduque.com.mx\/index.php?rest_route=\/wp\/v2\/users\/4"}],"replies":[{"embeddable":true,"href":"https:\/\/gerardoduque.com.mx\/index.php?rest_route=%2Fwp%2Fv2%2Fcomments&post=33047"}],"version-history":[{"count":0,"href":"https:\/\/gerardoduque.com.mx\/index.php?rest_route=\/wp\/v2\/posts\/33047\/revisions"}],"wp:featuredmedia":[{"embeddable":true,"href":"https:\/\/gerardoduque.com.mx\/index.php?rest_route=\/wp\/v2\/media\/33050"}],"wp:attachment":[{"href":"https:\/\/gerardoduque.com.mx\/index.php?rest_route=%2Fwp%2Fv2%2Fmedia&parent=33047"}],"wp:term":[{"taxonomy":"category","embeddable":true,"href":"https:\/\/gerardoduque.com.mx\/index.php?rest_route=%2Fwp%2Fv2%2Fcategories&post=33047"},{"taxonomy":"post_tag","embeddable":true,"href":"https:\/\/gerardoduque.com.mx\/index.php?rest_route=%2Fwp%2Fv2%2Ftags&post=33047"}],"curies":[{"name":"wp","href":"https:\/\/api.w.org\/{rel}","templated":true}]}}