{"id":33044,"date":"2025-01-16T16:49:43","date_gmt":"2025-01-16T22:49:43","guid":{"rendered":"https:\/\/gerardoduque.com.mx\/?p=33044"},"modified":"2025-01-16T16:49:46","modified_gmt":"2025-01-16T22:49:46","slug":"confirman-caso-de-metapneumovirus-humano-en-slp","status":"publish","type":"post","link":"https:\/\/gerardoduque.com.mx\/?p=33044","title":{"rendered":"CONFIRMAN CASO DE METAPNEUMOVIRUS\u00a0HUMANO EN SLP"},"content":{"rendered":"\n<p>Un paciente con metapneumovirus humano ha sido identificado gracias a la atenci\u00f3n que se le brinda por parte de m\u00e9dicos especialistas en la capital potosina.<\/p>\n\n\n\n<p>Se trata de del primer paciente en la entidad con HMPV (por sus siglas en ingl\u00e9s).<br><br>Es un beb\u00e9 de dos a\u00f1os de edad quien est\u00e1 siendo atendido en un hospital y lo reportan estable.<\/p>\n\n\n\n<p>El metapneumovirus humano es una infecci\u00f3n viral en las v\u00edas respiratorias altas.<\/p>\n\n\n\n<p>Aunque en semanas recientes la enfermedad ha cobrado una relevancia mundial debido al incremento exponencial de casos en China, \u00e9ste no es un virus nuevo.<\/p>\n\n\n\n<p>El metapneumovirus humano fue identificado por vez primera vez en 2001, y a m\u00e1s de dos d\u00e9cadas de distancia se ha convertido en un virus com\u00fan que circula en invierno y primavera<\/p>\n\n\n\n<p>Expertos de la Organizaci\u00f3n Mundial de la Salud refieren que la mayor parte de la poblaci\u00f3n contraen el HMPV en alg\u00fan momento antes de los cinco a\u00f1os, y eventualmente a lo largo de su vida podr\u00edan contraerlo de nuevo.<\/p>\n\n\n\n<p>Seg\u00fan informes de las autoridades de Salud federal, en M\u00e9xico, durante la actual temporada de influencia estacional (que inici\u00f3 en septiembre de 2024) se han confirmado al menos 160 casos de infecciones por metapneumovirus humano en territorio nacional.<\/p>\n","protected":false},"excerpt":{"rendered":"<p>Se trata de un peque\u00f1o de dos a\u00f1os de edad <\/p>\n","protected":false},"author":4,"featured_media":33045,"comment_status":"closed","ping_status":"closed","sticky":false,"template":"","format":"standard","meta":{"_et_pb_use_builder":"off","_et_pb_old_content":"","_et_gb_content_width":"","footnotes":""},"categories":[412,62],"tags":[],"class_list":["post-33044","post","type-post","status-publish","format-standard","has-post-thumbnail","hentry","category-destacado","category-redaccion"],"_links":{"self":[{"href":"https:\/\/gerardoduque.com.mx\/index.php?rest_route=\/wp\/v2\/posts\/33044","targetHints":{"allow":["GET"]}}],"collection":[{"href":"https:\/\/gerardoduque.com.mx\/index.php?rest_route=\/wp\/v2\/posts"}],"about":[{"href":"https:\/\/gerardoduque.com.mx\/index.php?rest_route=\/wp\/v2\/types\/post"}],"author":[{"embeddable":true,"href":"https:\/\/gerardoduque.com.mx\/index.php?rest_route=\/wp\/v2\/users\/4"}],"replies":[{"embeddable":true,"href":"https:\/\/gerardoduque.com.mx\/index.php?rest_route=%2Fwp%2Fv2%2Fcomments&post=33044"}],"version-history":[{"count":0,"href":"https:\/\/gerardoduque.com.mx\/index.php?rest_route=\/wp\/v2\/posts\/33044\/revisions"}],"wp:featuredmedia":[{"embeddable":true,"href":"https:\/\/gerardoduque.com.mx\/index.php?rest_route=\/wp\/v2\/media\/33045"}],"wp:attachment":[{"href":"https:\/\/gerardoduque.com.mx\/index.php?rest_route=%2Fwp%2Fv2%2Fmedia&parent=33044"}],"wp:term":[{"taxonomy":"category","embeddable":true,"href":"https:\/\/gerardoduque.com.mx\/index.php?rest_route=%2Fwp%2Fv2%2Fcategories&post=33044"},{"taxonomy":"post_tag","embeddable":true,"href":"https:\/\/gerardoduque.com.mx\/index.php?rest_route=%2Fwp%2Fv2%2Ftags&post=33044"}],"curies":[{"name":"wp","href":"https:\/\/api.w.org\/{rel}","templated":true}]}}