{"id":33039,"date":"2025-01-16T16:03:49","date_gmt":"2025-01-16T22:03:49","guid":{"rendered":"https:\/\/gerardoduque.com.mx\/?p=33039"},"modified":"2025-01-16T16:03:53","modified_gmt":"2025-01-16T22:03:53","slug":"trabajadores-caen-desde-lo-alto-de-una-construccion-un-muerto-y-un-herido","status":"publish","type":"post","link":"https:\/\/gerardoduque.com.mx\/?p=33039","title":{"rendered":"TRABAJADORES CAEN DESDE LO ALTO DE UNA CONSTRUCCI\u00d3N: UN MUERTO Y UN HERIDO"},"content":{"rendered":"\n<p>Un trabajador de la construcci\u00f3n falleci\u00f3, y uno de sus compa\u00f1eros de obra result\u00f3 herido de gravedad.<\/p>\n\n\n\n<p>La tarde de este jueves ambos se encontraban realizando actividades sobre un andamio, cuando cayeron intempestivamente desde varios metros de altura.<\/p>\n\n\n\n<p>Los hechos ocurrieron en un edificio que se encuentra en construcci\u00f3n en la calle Santos Degollado, en la ciudad de San Luis Potos\u00ed<\/p>\n\n\n\n<p>El trabajador que muri\u00f3 cay\u00f3 sobre un \u00e1rea donde hay acumulada varilla y concreto. \u00c9l ten\u00eda aproximadamente treintaid\u00f3s a\u00f1os de edad.<\/p>\n\n\n\n<p>Su compa\u00f1ero cay\u00f3 sobre una cornisa, y fue trasladado en condici\u00f3n grave a un hospital.<\/p>\n\n\n\n<p>Tras la tragedia acudieron al sitio inspectores de Protecci\u00f3n Civil estatal, quienes colocaron sellos de clausura en la construcci\u00f3n.<\/p>\n\n\n\n<p>Las autoridades no han informado si la obra cuenta con los permisos y verificaciones correspondientes.<\/p>\n","protected":false},"excerpt":{"rendered":"<p>Otra tragedia asociada a Protecci\u00f3n Civil en SLP <\/p>\n","protected":false},"author":4,"featured_media":33041,"comment_status":"closed","ping_status":"closed","sticky":false,"template":"","format":"standard","meta":{"_et_pb_use_builder":"off","_et_pb_old_content":"","_et_gb_content_width":"","footnotes":""},"categories":[412,62],"tags":[],"class_list":["post-33039","post","type-post","status-publish","format-standard","has-post-thumbnail","hentry","category-destacado","category-redaccion"],"_links":{"self":[{"href":"https:\/\/gerardoduque.com.mx\/index.php?rest_route=\/wp\/v2\/posts\/33039","targetHints":{"allow":["GET"]}}],"collection":[{"href":"https:\/\/gerardoduque.com.mx\/index.php?rest_route=\/wp\/v2\/posts"}],"about":[{"href":"https:\/\/gerardoduque.com.mx\/index.php?rest_route=\/wp\/v2\/types\/post"}],"author":[{"embeddable":true,"href":"https:\/\/gerardoduque.com.mx\/index.php?rest_route=\/wp\/v2\/users\/4"}],"replies":[{"embeddable":true,"href":"https:\/\/gerardoduque.com.mx\/index.php?rest_route=%2Fwp%2Fv2%2Fcomments&post=33039"}],"version-history":[{"count":0,"href":"https:\/\/gerardoduque.com.mx\/index.php?rest_route=\/wp\/v2\/posts\/33039\/revisions"}],"wp:featuredmedia":[{"embeddable":true,"href":"https:\/\/gerardoduque.com.mx\/index.php?rest_route=\/wp\/v2\/media\/33041"}],"wp:attachment":[{"href":"https:\/\/gerardoduque.com.mx\/index.php?rest_route=%2Fwp%2Fv2%2Fmedia&parent=33039"}],"wp:term":[{"taxonomy":"category","embeddable":true,"href":"https:\/\/gerardoduque.com.mx\/index.php?rest_route=%2Fwp%2Fv2%2Fcategories&post=33039"},{"taxonomy":"post_tag","embeddable":true,"href":"https:\/\/gerardoduque.com.mx\/index.php?rest_route=%2Fwp%2Fv2%2Ftags&post=33039"}],"curies":[{"name":"wp","href":"https:\/\/api.w.org\/{rel}","templated":true}]}}