{"id":33025,"date":"2025-01-16T12:33:04","date_gmt":"2025-01-16T18:33:04","guid":{"rendered":"https:\/\/gerardoduque.com.mx\/?p=33025"},"modified":"2025-01-16T12:33:08","modified_gmt":"2025-01-16T18:33:08","slug":"ricardo-gallardo-se-reune-con-garcia-harfuch","status":"publish","type":"post","link":"https:\/\/gerardoduque.com.mx\/?p=33025","title":{"rendered":"RICARDO GALLARDO SE RE\u00daNE CON GARC\u00cdA HARFUCH"},"content":{"rendered":"\n<p>El Gobernador del Estado, Ricardo Gallardo Cardona, sostuvo este 16 de enero, una reuni\u00f3n con el secretario de Seguridad y Protecci\u00f3n Ciudadana del Gobierno Federal, Omar Garc\u00eda Harfuch, con quien busc\u00f3 fortalecer lazos en materia de seguridad p\u00fablica.<\/p>\n\n\n\n<p>El Mandatario Estatal destac\u00f3 que el Gobierno del Estado y el Gobierno Federal seguir\u00e1n trabajando juntos para seguir disminuyendo la incidencia delictiva en San Luis Potos\u00ed, con planes conjuntos.<\/p>\n\n\n\n<p>Derivado de la Estrategia Integral de Seguridad P\u00fablica de la actual administraci\u00f3n, el equipamiento y la profesionalizaci\u00f3n a polic\u00edas, el Gobierno del Estado ha logrado reducir los homicidios dolosos en los municipios y localidades a m\u00e1s del 35 por ciento.&nbsp;<\/p>\n\n\n\n<p>Con las estrategias planteadas de la mano de la Federaci\u00f3n, se continuar\u00e1 trabajando para mantener a la baja este y otro tipo de delitos en la entidad.<\/p>\n","protected":false},"excerpt":{"rendered":"<p>Gobierno estatal trabaja junto con la Federaci\u00f3n para seguir manteniendo un ambiente de paz y tranquilidad en San Luis Potos\u00ed<\/p>\n","protected":false},"author":4,"featured_media":33026,"comment_status":"closed","ping_status":"closed","sticky":false,"template":"","format":"standard","meta":{"_et_pb_use_builder":"off","_et_pb_old_content":"","_et_gb_content_width":"","footnotes":""},"categories":[412,280],"tags":[72,66],"class_list":["post-33025","post","type-post","status-publish","format-standard","has-post-thumbnail","hentry","category-destacado","category-gob-slp","tag-gobierno-del-estado","tag-san-luis-potosi"],"_links":{"self":[{"href":"https:\/\/gerardoduque.com.mx\/index.php?rest_route=\/wp\/v2\/posts\/33025","targetHints":{"allow":["GET"]}}],"collection":[{"href":"https:\/\/gerardoduque.com.mx\/index.php?rest_route=\/wp\/v2\/posts"}],"about":[{"href":"https:\/\/gerardoduque.com.mx\/index.php?rest_route=\/wp\/v2\/types\/post"}],"author":[{"embeddable":true,"href":"https:\/\/gerardoduque.com.mx\/index.php?rest_route=\/wp\/v2\/users\/4"}],"replies":[{"embeddable":true,"href":"https:\/\/gerardoduque.com.mx\/index.php?rest_route=%2Fwp%2Fv2%2Fcomments&post=33025"}],"version-history":[{"count":0,"href":"https:\/\/gerardoduque.com.mx\/index.php?rest_route=\/wp\/v2\/posts\/33025\/revisions"}],"wp:featuredmedia":[{"embeddable":true,"href":"https:\/\/gerardoduque.com.mx\/index.php?rest_route=\/wp\/v2\/media\/33026"}],"wp:attachment":[{"href":"https:\/\/gerardoduque.com.mx\/index.php?rest_route=%2Fwp%2Fv2%2Fmedia&parent=33025"}],"wp:term":[{"taxonomy":"category","embeddable":true,"href":"https:\/\/gerardoduque.com.mx\/index.php?rest_route=%2Fwp%2Fv2%2Fcategories&post=33025"},{"taxonomy":"post_tag","embeddable":true,"href":"https:\/\/gerardoduque.com.mx\/index.php?rest_route=%2Fwp%2Fv2%2Ftags&post=33025"}],"curies":[{"name":"wp","href":"https:\/\/api.w.org\/{rel}","templated":true}]}}