{"id":33005,"date":"2025-01-15T14:20:22","date_gmt":"2025-01-15T20:20:22","guid":{"rendered":"https:\/\/gerardoduque.com.mx\/?p=33005"},"modified":"2025-01-15T14:20:27","modified_gmt":"2025-01-15T20:20:27","slug":"hallan-el-vehiculo-de-daniela-martell-en-el-municipio-de-zaragoza","status":"publish","type":"post","link":"https:\/\/gerardoduque.com.mx\/?p=33005","title":{"rendered":"HALLAN EL VEH\u00cdCULO DE DANIELA MARTELL EN EL MUNICIPIO DE ZARAGOZA"},"content":{"rendered":"\n<p>Esta tarde fue localizado el autom\u00f3vil compacto color rojo que conduc\u00eda Daniela Martell, la artista pict\u00f3rica y trabajadora de la plataforma InDrive que desapareci\u00f3 hace nueve d\u00edas.<\/p>\n\n\n\n<p>El veh\u00edculo fue hallado quemado este mi\u00e9rcoles en la comunidad \u201cLa Esperanza\u201d, en el municipio de Zaragoza, contiguo a la capital potosina.<\/p>\n\n\n\n<p>Fue <a><\/a>justamente en la ciudad de San Luis Potos\u00ed donde Daniela Martell fue vista con vida por \u00faltima vez, el pasado 06 de enero.<\/p>\n\n\n\n<p>Informaci\u00f3n extraoficial revela que, en torno al autom\u00f3vil quemado que se localiz\u00f3 esta tarde , tambi\u00e9n fue hallado un cuerpo.<\/p>\n\n\n\n<p>Hasta ahora no hay comunicado alguno de las autoridades.<\/p>\n\n\n\n<p>En este momento el sitio del hallazgo se encuentra fuertemente custodiado por agentes estatales, y hay un dispositivo de seguridad en la zona.<\/p>\n\n\n\n<p>Apenas ayer martes decenas de potosinos marcharon pac\u00edficamente en el centro hist\u00f3rico de la capital del estado. Luego, familiares de Daniela Martell tuvieron una reuni\u00f3n a puerta cerrada con funcionarios de la fiscal\u00eda estatal. En el encuentro las autoridades alimentaron la esperanza de que Daniela a\u00fan se encontraba con vida.<\/p>\n\n\n\n<p>El hallazgo de esta tarde contrasta con lo especulado ayer por los funcionarios de la FGE.<\/p>\n\n\n\n<p>Este caso ha estremecido a la comunidad potosina, pues la familia de Daniela Martell es conocida y apreciada en varias partes de la entidad.<\/p>\n","protected":false},"excerpt":{"rendered":"<p>Autoridades permanecen herm\u00e9ticas <\/p>\n","protected":false},"author":4,"featured_media":33006,"comment_status":"closed","ping_status":"closed","sticky":false,"template":"","format":"standard","meta":{"_et_pb_use_builder":"off","_et_pb_old_content":"","_et_gb_content_width":"","footnotes":""},"categories":[412,62],"tags":[],"class_list":["post-33005","post","type-post","status-publish","format-standard","has-post-thumbnail","hentry","category-destacado","category-redaccion"],"_links":{"self":[{"href":"https:\/\/gerardoduque.com.mx\/index.php?rest_route=\/wp\/v2\/posts\/33005","targetHints":{"allow":["GET"]}}],"collection":[{"href":"https:\/\/gerardoduque.com.mx\/index.php?rest_route=\/wp\/v2\/posts"}],"about":[{"href":"https:\/\/gerardoduque.com.mx\/index.php?rest_route=\/wp\/v2\/types\/post"}],"author":[{"embeddable":true,"href":"https:\/\/gerardoduque.com.mx\/index.php?rest_route=\/wp\/v2\/users\/4"}],"replies":[{"embeddable":true,"href":"https:\/\/gerardoduque.com.mx\/index.php?rest_route=%2Fwp%2Fv2%2Fcomments&post=33005"}],"version-history":[{"count":0,"href":"https:\/\/gerardoduque.com.mx\/index.php?rest_route=\/wp\/v2\/posts\/33005\/revisions"}],"wp:featuredmedia":[{"embeddable":true,"href":"https:\/\/gerardoduque.com.mx\/index.php?rest_route=\/wp\/v2\/media\/33006"}],"wp:attachment":[{"href":"https:\/\/gerardoduque.com.mx\/index.php?rest_route=%2Fwp%2Fv2%2Fmedia&parent=33005"}],"wp:term":[{"taxonomy":"category","embeddable":true,"href":"https:\/\/gerardoduque.com.mx\/index.php?rest_route=%2Fwp%2Fv2%2Fcategories&post=33005"},{"taxonomy":"post_tag","embeddable":true,"href":"https:\/\/gerardoduque.com.mx\/index.php?rest_route=%2Fwp%2Fv2%2Ftags&post=33005"}],"curies":[{"name":"wp","href":"https:\/\/api.w.org\/{rel}","templated":true}]}}