{"id":32989,"date":"2025-01-14T20:38:46","date_gmt":"2025-01-15T02:38:46","guid":{"rendered":"https:\/\/gerardoduque.com.mx\/?p=32989"},"modified":"2025-01-14T20:38:49","modified_gmt":"2025-01-15T02:38:49","slug":"coordinan-proyectos-entre-estado-y-federacion","status":"publish","type":"post","link":"https:\/\/gerardoduque.com.mx\/?p=32989","title":{"rendered":"COORDINAN PROYECTOS ENTRE ESTADO Y FEDERACI\u00d3N \u00a0"},"content":{"rendered":"\n<p>Luego de que el Gobernador de San Luis Potos\u00ed, Ricardo Gallardo Cardona, asisti\u00f3 al informe de los primeros 100 d\u00edas del Gobierno de la Presidenta de M\u00e9xico, Claudia Sheinbaum Pardo, la administraci\u00f3n estatal reafirm\u00f3 su compromiso de coordinar proyectos conjuntos y sumar esfuerzos para potenciar el crecimiento del Estado, adem\u00e1s de fortalecer las pol\u00edticas de bienestar social, con especial atenci\u00f3n a los sectores m\u00e1s vulnerables.<\/p>\n\n\n\n<p>El secretario General de Gobierno, J. Guadalupe Torres S\u00e1nchez, resalt\u00f3 las obras prioritarias para San Luis Potos\u00ed que la Presidenta Claudia Sheinbaum destac\u00f3, derivados del respaldo del Gobierno Federal y de la alianza estrat\u00e9gica, como el rescate de los trenes de pasajeros, que conectar\u00e1 a la entidad con la capital del pa\u00eds y otras ciudades del centro y norte de M\u00e9xico.<\/p>\n\n\n\n<p>El funcionario estatal resalt\u00f3 que se busca mantener esa buena relaci\u00f3n con todo el gabinete federal y dar seguimiento a los proyectos. Finalmente, Torres S\u00e1nchez coment\u00f3 que, la Secretar\u00eda General, mantendr\u00e1 al tanto de los avances del proyecto del tren para pasajeros, para coordinar los esfuerzos con las dependencias que correspondan y que muy pronto se d\u00e9 el arranque a tan importante obra.<\/p>\n","protected":false},"excerpt":{"rendered":"<p>Luego de que el Gobernador de San Luis Potos\u00ed, Ricardo Gallardo Cardona, asisti\u00f3 al informe de los primeros 100 d\u00edas del Gobierno de la Presidenta de M\u00e9xico, Claudia Sheinbaum Pardo, la administraci\u00f3n estatal reafirm\u00f3 su compromiso de coordinar proyectos conjuntos y sumar esfuerzos para potenciar el crecimiento del Estado, adem\u00e1s de fortalecer las pol\u00edticas de [&hellip;]<\/p>\n","protected":false},"author":4,"featured_media":32990,"comment_status":"closed","ping_status":"closed","sticky":false,"template":"","format":"standard","meta":{"_et_pb_use_builder":"off","_et_pb_old_content":"","_et_gb_content_width":"","footnotes":""},"categories":[412,280],"tags":[72,66],"class_list":["post-32989","post","type-post","status-publish","format-standard","has-post-thumbnail","hentry","category-destacado","category-gob-slp","tag-gobierno-del-estado","tag-san-luis-potosi"],"_links":{"self":[{"href":"https:\/\/gerardoduque.com.mx\/index.php?rest_route=\/wp\/v2\/posts\/32989","targetHints":{"allow":["GET"]}}],"collection":[{"href":"https:\/\/gerardoduque.com.mx\/index.php?rest_route=\/wp\/v2\/posts"}],"about":[{"href":"https:\/\/gerardoduque.com.mx\/index.php?rest_route=\/wp\/v2\/types\/post"}],"author":[{"embeddable":true,"href":"https:\/\/gerardoduque.com.mx\/index.php?rest_route=\/wp\/v2\/users\/4"}],"replies":[{"embeddable":true,"href":"https:\/\/gerardoduque.com.mx\/index.php?rest_route=%2Fwp%2Fv2%2Fcomments&post=32989"}],"version-history":[{"count":0,"href":"https:\/\/gerardoduque.com.mx\/index.php?rest_route=\/wp\/v2\/posts\/32989\/revisions"}],"wp:featuredmedia":[{"embeddable":true,"href":"https:\/\/gerardoduque.com.mx\/index.php?rest_route=\/wp\/v2\/media\/32990"}],"wp:attachment":[{"href":"https:\/\/gerardoduque.com.mx\/index.php?rest_route=%2Fwp%2Fv2%2Fmedia&parent=32989"}],"wp:term":[{"taxonomy":"category","embeddable":true,"href":"https:\/\/gerardoduque.com.mx\/index.php?rest_route=%2Fwp%2Fv2%2Fcategories&post=32989"},{"taxonomy":"post_tag","embeddable":true,"href":"https:\/\/gerardoduque.com.mx\/index.php?rest_route=%2Fwp%2Fv2%2Ftags&post=32989"}],"curies":[{"name":"wp","href":"https:\/\/api.w.org\/{rel}","templated":true}]}}