{"id":32938,"date":"2025-01-13T13:52:27","date_gmt":"2025-01-13T19:52:27","guid":{"rendered":"https:\/\/gerardoduque.com.mx\/?p=32938"},"modified":"2025-01-13T13:52:31","modified_gmt":"2025-01-13T19:52:31","slug":"sigue-impune-el-funcionario-estatal-que-atropello-a-un-joven-indigena","status":"publish","type":"post","link":"https:\/\/gerardoduque.com.mx\/?p=32938","title":{"rendered":"SIGUE IMPUNE EL FUNCIONARIO ESTATAL QUE ATROPELL\u00d3 A UN JOVEN IND\u00cdGENA"},"content":{"rendered":"\n<p>La vida le ha cambiado a Abraham, a sus veintid\u00f3s a\u00f1os de edad. El joven ind\u00edgena teenek originario de la huasteca potosina fue sometido el fin de semana a una cirug\u00eda en la que los m\u00e9dicos le amputaron su pierna derecha.<\/p>\n\n\n\n<p>Abraham fue atropellado desde el 21 de diciembre. Sus familiares afirman que peregrinaron por varios nosocomios hasta que finalmente, dos d\u00edas despu\u00e9s, fue recibido en el \u201cHospital General de Soledad de Graciano S\u00e1nchez\u201d. La hermana y el cu\u00f1ado de Abraham advierten que \u00e9l no recibi\u00f3 la adecuada atenci\u00f3n oportuna, y por ello la infecci\u00f3n se fue propagando al grado de ser necesaria la amputaci\u00f3n de su extremidad.<\/p>\n\n\n\n<p>Desde el viernes 03 de enero la activista y abogada X\u00f3chitl Tolentino comenz\u00f3 a brindar acompa\u00f1amiento legal gratuito a Abraham y a sus familiares.<\/p>\n\n\n\n<p>Hasta antes la Fiscal\u00eda General del Estado no hab\u00eda tomado las declaraciones ministeriales ni hab\u00eda iniciado la carpeta de investigaci\u00f3n para que quien atropell\u00f3 a Abraham enfrente un juicio penal y adem\u00e1s el joven obtenga la reparaci\u00f3n del da\u00f1o.<\/p>\n\n\n\n<p>La familia de Abraham radica en el municipio huasteco de Tancanhuitz, y se encuentran muy lejos de su hogar, sin dinero, en una ciudad que no conocen, solamente con el acompa\u00f1amiento de la abogada, de algunos medios de comunicaci\u00f3n y de personas de la sociedad civil.<\/p>\n\n\n\n<p>En las declaraciones que quedaron asentadas ante el Ministerio P\u00fablico se se\u00f1ala que fue Carlos Adri\u00e1n Cepeda Echavarr\u00eda quien atropell\u00f3 a Abraham, en el municipio de Aquism\u00f3n.<\/p>\n\n\n\n<p>Se se\u00f1ala que, tras atropellar a Abraham, Carlos Adri\u00e1n Cepeda Echavarr\u00eda no esper\u00f3 el arribo de param\u00e9dicos ni de polic\u00edas. Carlos Adri\u00e1n llev\u00f3 al joven herido a un hospital cercano donde hizo la promesa de ayudarlo, pero enseguida se desentendi\u00f3.<\/p>\n\n\n\n<p>*\u201c<strong><em>No podemos hacer nada porque nos tienen amenazados con el se\u00f1or Carlos Adri\u00e1n Cepeda Echavarr\u00eda\u2026 dice que tiene mucha influencia aqu\u00ed porque su hermana Yolanda Cepeda Echavarr\u00eda trabaja en departamento de Gobierno de aqu\u00ed de San Luis (secretaria de Turismo), es el miedo que nos ha puesto para no poder seguir con la demanda\u2026\u201d,* <\/em><\/strong>expres\u00f3 el cu\u00f1ado de Abraham la semana pasada en una entrevista.<\/p>\n\n\n\n<p>Gracias a una consulta realizada en la plataforma digital de la CEGAIP se evidencia que Carlos Adri\u00e1n Cepeda Echavarr\u00eda es funcionario del Gobierno del Estado.<\/p>\n\n\n\n<p>El documento oficial revela que Carlos Adri\u00e1n Cepeda Echavarr\u00eda se encuentra dado de alta como Jefe de Secci\u00f3n en la Delegaci\u00f3n Regi\u00f3n Huasteca de la Secretar\u00eda de Desarrollo Social y Regional (SEDESORE).<\/p>\n","protected":false},"excerpt":{"rendered":"<p>La v\u00edctima sufri\u00f3 la amputaci\u00f3n de una pierna <\/p>\n","protected":false},"author":4,"featured_media":32939,"comment_status":"closed","ping_status":"closed","sticky":false,"template":"","format":"standard","meta":{"_et_pb_use_builder":"off","_et_pb_old_content":"","_et_gb_content_width":"","footnotes":""},"categories":[412,62],"tags":[],"class_list":["post-32938","post","type-post","status-publish","format-standard","has-post-thumbnail","hentry","category-destacado","category-redaccion"],"_links":{"self":[{"href":"https:\/\/gerardoduque.com.mx\/index.php?rest_route=\/wp\/v2\/posts\/32938","targetHints":{"allow":["GET"]}}],"collection":[{"href":"https:\/\/gerardoduque.com.mx\/index.php?rest_route=\/wp\/v2\/posts"}],"about":[{"href":"https:\/\/gerardoduque.com.mx\/index.php?rest_route=\/wp\/v2\/types\/post"}],"author":[{"embeddable":true,"href":"https:\/\/gerardoduque.com.mx\/index.php?rest_route=\/wp\/v2\/users\/4"}],"replies":[{"embeddable":true,"href":"https:\/\/gerardoduque.com.mx\/index.php?rest_route=%2Fwp%2Fv2%2Fcomments&post=32938"}],"version-history":[{"count":0,"href":"https:\/\/gerardoduque.com.mx\/index.php?rest_route=\/wp\/v2\/posts\/32938\/revisions"}],"wp:featuredmedia":[{"embeddable":true,"href":"https:\/\/gerardoduque.com.mx\/index.php?rest_route=\/wp\/v2\/media\/32939"}],"wp:attachment":[{"href":"https:\/\/gerardoduque.com.mx\/index.php?rest_route=%2Fwp%2Fv2%2Fmedia&parent=32938"}],"wp:term":[{"taxonomy":"category","embeddable":true,"href":"https:\/\/gerardoduque.com.mx\/index.php?rest_route=%2Fwp%2Fv2%2Fcategories&post=32938"},{"taxonomy":"post_tag","embeddable":true,"href":"https:\/\/gerardoduque.com.mx\/index.php?rest_route=%2Fwp%2Fv2%2Ftags&post=32938"}],"curies":[{"name":"wp","href":"https:\/\/api.w.org\/{rel}","templated":true}]}}