{"id":32934,"date":"2025-01-13T13:42:01","date_gmt":"2025-01-13T19:42:01","guid":{"rendered":"https:\/\/gerardoduque.com.mx\/?p=32934"},"modified":"2025-01-13T13:42:05","modified_gmt":"2025-01-13T19:42:05","slug":"una-semana-desaparecida-cumple-daniela-martell","status":"publish","type":"post","link":"https:\/\/gerardoduque.com.mx\/?p=32934","title":{"rendered":"UNA SEMANA DESAPARECIDA, CUMPLE DANIELA MARTELL"},"content":{"rendered":"\n<p>La desaparici\u00f3n de la artista pict\u00f3rica Daniela Martell Orozco ha causado gran conmoci\u00f3n, pues su familia es conocida y apreciada entre la comunidad potosina.<\/p>\n\n\n\n<p>Previo al fin de semana la titular de la Fiscal\u00eda General del Estado habl\u00f3 ante reporteros sobre la no localizaci\u00f3n de Daniela. Manuela Garc\u00eda Cazares dijo que la FGE trabaja en tres l\u00edneas de investigaci\u00f3n.<\/p>\n\n\n\n<p>La primera l\u00ednea de investigaci\u00f3n se centra en el exmarido de Daniela, mientras que la segunda l\u00ednea es en torno a una expareja sentimental.<\/p>\n\n\n\n<p>No obstante, la fiscal del Estado dijo que la hip\u00f3tesis que ha aportado un mayor n\u00famero de elementos es la relacionada con la posible venta de drogas, pero Manuela Garc\u00eda C\u00e1zares no brind\u00f3 detalles ala respecto.<\/p>\n\n\n\n<p>La titular de la Fiscal\u00eda General del Estado dijo que el \u00faltimo rastro que se obtuvo de Daniela fue en la carretera 57, sin embargo en la Ficha de B\u00fasqueda emitida por la propia fiscal\u00eda se precisa que fue vista por \u00faltima vez en colonia Tequisquiapan.<\/p>\n\n\n\n<p>Hasta el momento las autoridades tampoco han localizado el autom\u00f3vil que tripulaba Daniela.<\/p>\n\n\n\n<p>Aunque la titular de la Fiscal\u00eda enfatiz\u00f3 que pronto se tendr\u00edan m\u00e1s detalles de las investigaciones, han trascurrido otras setentaid\u00f3s horas y no ha habido un nuevo pronunciamiento p\u00fablico al respecto.<\/p>\n\n\n\n<p>De acuerdo a la ficha de B\u00fasqueda emitida por la Fiscal\u00eda General del Estado, Daniela Martell Orozco fue vista por \u00faltima vez el pasado lunes 6 de enero en la c\u00e9ntrica colonia Tequisquiapan, en la ciudad de San Luis Potos\u00ed. Daniela -de 44 a\u00f1os de edad- iba a bordo de su autom\u00f3vil Suzuki Swift color rojo.<\/p>\n\n\n\n<p>En su tiempo libre Daniela utilizaba su veh\u00edculo modelo 2021 para prestar servicio como conductora dentro de la plataforma InDrive. En un comunicado la empresa confirm\u00f3 que Daniela est\u00e1 dada de alta dentro de la plataforma, pero que no existen registros de viajes en semanas recientes.<\/p>\n","protected":false},"excerpt":{"rendered":"<p>Fiscal\u00eda estatal revela datos contradictorios sobre el lugar donde desapareci\u00f3 <\/p>\n","protected":false},"author":4,"featured_media":32935,"comment_status":"closed","ping_status":"closed","sticky":false,"template":"","format":"standard","meta":{"_et_pb_use_builder":"off","_et_pb_old_content":"","_et_gb_content_width":"","footnotes":""},"categories":[412,62],"tags":[],"class_list":["post-32934","post","type-post","status-publish","format-standard","has-post-thumbnail","hentry","category-destacado","category-redaccion"],"_links":{"self":[{"href":"https:\/\/gerardoduque.com.mx\/index.php?rest_route=\/wp\/v2\/posts\/32934","targetHints":{"allow":["GET"]}}],"collection":[{"href":"https:\/\/gerardoduque.com.mx\/index.php?rest_route=\/wp\/v2\/posts"}],"about":[{"href":"https:\/\/gerardoduque.com.mx\/index.php?rest_route=\/wp\/v2\/types\/post"}],"author":[{"embeddable":true,"href":"https:\/\/gerardoduque.com.mx\/index.php?rest_route=\/wp\/v2\/users\/4"}],"replies":[{"embeddable":true,"href":"https:\/\/gerardoduque.com.mx\/index.php?rest_route=%2Fwp%2Fv2%2Fcomments&post=32934"}],"version-history":[{"count":0,"href":"https:\/\/gerardoduque.com.mx\/index.php?rest_route=\/wp\/v2\/posts\/32934\/revisions"}],"wp:featuredmedia":[{"embeddable":true,"href":"https:\/\/gerardoduque.com.mx\/index.php?rest_route=\/wp\/v2\/media\/32935"}],"wp:attachment":[{"href":"https:\/\/gerardoduque.com.mx\/index.php?rest_route=%2Fwp%2Fv2%2Fmedia&parent=32934"}],"wp:term":[{"taxonomy":"category","embeddable":true,"href":"https:\/\/gerardoduque.com.mx\/index.php?rest_route=%2Fwp%2Fv2%2Fcategories&post=32934"},{"taxonomy":"post_tag","embeddable":true,"href":"https:\/\/gerardoduque.com.mx\/index.php?rest_route=%2Fwp%2Fv2%2Ftags&post=32934"}],"curies":[{"name":"wp","href":"https:\/\/api.w.org\/{rel}","templated":true}]}}