{"id":32930,"date":"2025-01-13T13:32:11","date_gmt":"2025-01-13T19:32:11","guid":{"rendered":"https:\/\/gerardoduque.com.mx\/?p=32930"},"modified":"2025-01-13T13:32:14","modified_gmt":"2025-01-13T19:32:14","slug":"hombre-ataco-a-un-jaguar-en-ciudad-valles-el-sujeto-mato-al-felino-y-luego-compartio-el-video-en-whats-app","status":"publish","type":"post","link":"https:\/\/gerardoduque.com.mx\/?p=32930","title":{"rendered":"HOMBRE ATAC\u00d3 A UN JAGUAR EN CIUDAD VALLES; EL SUJETO MAT\u00d3 AL FELINO Y LUEGO COMPARTI\u00d3 EL VIDEO EN WHATS APP"},"content":{"rendered":"\n<p>Gran indignaci\u00f3n ha causado entre usuarios de las redes sociales el proceder de un habitante de la zona rural de Ciudad Valles quien comparti\u00f3 a trav\u00e9s de un grupo de WhatsApp la osad\u00eda de haber dado muerte a un ejemplar de <a>\u201cPanthera onca\u201d.<\/a><\/p>\n\n\n\n<p>El f\u00e9lido -com\u00fanmente conocido como <em>jaguar- <\/em>est\u00e1 en peligro de extinci\u00f3n, por ello se encuentra protegido por las leyes federales de conservaci\u00f3n.<\/p>\n\n\n\n<p>El sujeto -quien ya est\u00e1 plenamente identificado por la comunidad- grab\u00f3 un video instantes despu\u00e9s de haber matado al jaguar.<\/p>\n\n\n\n<p>En la grabaci\u00f3n se aprecia que el individuo camina en medio de la noche en una zona despoblada; a su lado corre un can, luego se observa un machete tirado en el suelo y al final dirige el lente de la c\u00e1mara hacia el cuerpo del felino muerto, con la mand\u00edbula destrozada, ensangrentado, y con una soga color azul atada al cuello.<\/p>\n\n\n\n<p>En individuo narra que son las dos de la ma\u00f1ana: <strong>\u201cla que se rif\u00f3, la que pel\u00f3, mi ayudante, y aqu\u00ed est\u00e1 el que yo le llamo tigre, pero no es, es un ocelote\u2026 el que se mete con mi ganado, se mete conmigo\u201d.<\/strong><\/p>\n\n\n\n<p>Desde la reconocida asociaci\u00f3n ambientalista \u201cSelva Teenek\u201d se hizo un llamado en\u00e9rgico para que la Procuradur\u00eda Federal de Protecci\u00f3n al Ambiente y la Fiscal\u00eda General de la Rep\u00fablica procedan de inmediato a la investigaci\u00f3n de esta acci\u00f3n y se sancione categ\u00f3ricamente.<\/p>\n\n\n\n<p><strong>\u201cEste hombre acaba de terminar con la vida de uno de los pocos ejemplares de jaguares huastecos\u2026 pedimos y exigimos todo el peso de la ley\u201d, <\/strong>expres\u00f3 en redes sociales Enna Buenfil, rescatista y protectora de fauna silvestre en riesgo.<\/p>\n\n\n\n<p>El individuo que mat\u00f3 al jaguar fue rastreado por usuarios de redes sociales por el n\u00famero de WhatsApp desde el que comparti\u00f3 el video. Adem\u00e1s, fue identificado gracias a su voz.<\/p>\n\n\n\n<p>Los hechos ocurrieron en la localidad rural \u201cEl Aquichal\u201d, que se localiza en la cordillera Teenek, a unos cuarenta kil\u00f3metros de la cabecera municipal de Ciudad Valles.<\/p>\n","protected":false},"excerpt":{"rendered":"<p>Ambientalistas exigen que PROFEPA y FGR act\u00faen de inmediato <\/p>\n","protected":false},"author":4,"featured_media":32931,"comment_status":"closed","ping_status":"closed","sticky":false,"template":"","format":"standard","meta":{"_et_pb_use_builder":"off","_et_pb_old_content":"","_et_gb_content_width":"","footnotes":""},"categories":[412,62],"tags":[],"class_list":["post-32930","post","type-post","status-publish","format-standard","has-post-thumbnail","hentry","category-destacado","category-redaccion"],"_links":{"self":[{"href":"https:\/\/gerardoduque.com.mx\/index.php?rest_route=\/wp\/v2\/posts\/32930","targetHints":{"allow":["GET"]}}],"collection":[{"href":"https:\/\/gerardoduque.com.mx\/index.php?rest_route=\/wp\/v2\/posts"}],"about":[{"href":"https:\/\/gerardoduque.com.mx\/index.php?rest_route=\/wp\/v2\/types\/post"}],"author":[{"embeddable":true,"href":"https:\/\/gerardoduque.com.mx\/index.php?rest_route=\/wp\/v2\/users\/4"}],"replies":[{"embeddable":true,"href":"https:\/\/gerardoduque.com.mx\/index.php?rest_route=%2Fwp%2Fv2%2Fcomments&post=32930"}],"version-history":[{"count":0,"href":"https:\/\/gerardoduque.com.mx\/index.php?rest_route=\/wp\/v2\/posts\/32930\/revisions"}],"wp:featuredmedia":[{"embeddable":true,"href":"https:\/\/gerardoduque.com.mx\/index.php?rest_route=\/wp\/v2\/media\/32931"}],"wp:attachment":[{"href":"https:\/\/gerardoduque.com.mx\/index.php?rest_route=%2Fwp%2Fv2%2Fmedia&parent=32930"}],"wp:term":[{"taxonomy":"category","embeddable":true,"href":"https:\/\/gerardoduque.com.mx\/index.php?rest_route=%2Fwp%2Fv2%2Fcategories&post=32930"},{"taxonomy":"post_tag","embeddable":true,"href":"https:\/\/gerardoduque.com.mx\/index.php?rest_route=%2Fwp%2Fv2%2Ftags&post=32930"}],"curies":[{"name":"wp","href":"https:\/\/api.w.org\/{rel}","templated":true}]}}