{"id":32893,"date":"2025-01-06T20:11:15","date_gmt":"2025-01-07T02:11:15","guid":{"rendered":"https:\/\/gerardoduque.com.mx\/?p=32893"},"modified":"2025-01-06T20:12:06","modified_gmt":"2025-01-07T02:12:06","slug":"hermano-de-yolanda-cepeda-amenaza-a-familia-indigena-tras-atropellar-a-un-joven-huasteco","status":"publish","type":"post","link":"https:\/\/gerardoduque.com.mx\/?p=32893","title":{"rendered":"HERMANO DE YOLANDA CEPEDA AMENAZA A FAMILIA IND\u00cdGENA TRAS ATROPELLAR A UN JOVEN HUASTECO"},"content":{"rendered":"\n<p><strong><em>Con informaci\u00f3n de: C\u00f3digo San Luis y GDL Noticias <\/em><\/strong><\/p>\n\n\n\n<p>En la Huasteca Potosina, un sujeto que dice ser influyente atropell\u00f3 a Abraham, un joven teenek de veintid\u00f3s a\u00f1os de edad quien a causa del percance est\u00e1 a punto de ser amputado de una pierna.<\/p>\n\n\n\n<p>Los familiares de Abraham aseguran que el causante de la tragedia es el empresario hotelero Carlos Adri\u00e1n Cepeda Echavarr\u00eda, hermano de Yolanda Cepeda Echavarr\u00eda, titular de la Secretar\u00eda de Turismo de Gobierno del Estado.<\/p>\n\n\n\n<p>Tras atropellar a Abraham, Carlos Adri\u00e1n Cepeda no esper\u00f3 el arribo de param\u00e9dicos ni de polic\u00edas.<\/p>\n\n\n\n<p>Carlos Adri\u00e1n llev\u00f3 al joven herido a un hospital cercano donde hizo la promesa de ayudarlo, pero se desentendi\u00f3.<\/p>\n\n\n\n<p>La hermana y el cu\u00f1ado de la v\u00edctima afirman que se vieron obligados a trasladarse de hospital en hospital, pues no fueron aceptados en otro nosocomio del Estado.<\/p>\n\n\n\n<p>Finalmente, Abraham fue ingresado en el Hospital General de Soledad de Graciano S\u00e1nchez donde no ha recibido los cuidados e intervenciones adecuadas, por lo que en las pr\u00f3ximas horas le podr\u00eda ser amputada una de sus piernas.<\/p>\n\n\n\n<p>A esta situaci\u00f3n se suman las amenazas que los familiares de Abraham dicen haber recibido por parte del hermano de la titular de Turismo estatal.<\/p>\n\n\n\n<p>Abraham fue atropellado el 21 de diciembre y desde entonces permanece hospitalizado. En horas recientes la abogada X\u00f3chitl Tolentino comenz\u00f3 a brindar acompa\u00f1amiento legal a la familia del joven, pues se encuentran muy lejos de su hogar y atrapados en una ciudad que no conocen.<\/p>\n\n\n\n<p>La representante jur\u00eddica afirm\u00f3 que ya existe una denuncia ante la Fiscal\u00eda General del Estado.<\/p>\n\n\n\n<p>X\u00f3chitl Tolentino pidi\u00f3 que las autoridades lleven este caso bajo un protocolo de inclusi\u00f3n, pues lament\u00f3 la falta de int\u00e9rpretes que atiendan a la familia de origen teenek. Tambi\u00e9n exigi\u00f3 especial atenci\u00f3n al acusado, pues teme que use sus influencias para eludir la justicia.<\/p>\n","protected":false},"excerpt":{"rendered":"<p>Abraham est\u00e1 a punto de sufrir una amputaci\u00f3n a causa del atropellamiento <\/p>\n","protected":false},"author":4,"featured_media":32894,"comment_status":"closed","ping_status":"closed","sticky":false,"template":"","format":"standard","meta":{"_et_pb_use_builder":"off","_et_pb_old_content":"","_et_gb_content_width":"","footnotes":""},"categories":[412,62],"tags":[],"class_list":["post-32893","post","type-post","status-publish","format-standard","has-post-thumbnail","hentry","category-destacado","category-redaccion"],"_links":{"self":[{"href":"https:\/\/gerardoduque.com.mx\/index.php?rest_route=\/wp\/v2\/posts\/32893","targetHints":{"allow":["GET"]}}],"collection":[{"href":"https:\/\/gerardoduque.com.mx\/index.php?rest_route=\/wp\/v2\/posts"}],"about":[{"href":"https:\/\/gerardoduque.com.mx\/index.php?rest_route=\/wp\/v2\/types\/post"}],"author":[{"embeddable":true,"href":"https:\/\/gerardoduque.com.mx\/index.php?rest_route=\/wp\/v2\/users\/4"}],"replies":[{"embeddable":true,"href":"https:\/\/gerardoduque.com.mx\/index.php?rest_route=%2Fwp%2Fv2%2Fcomments&post=32893"}],"version-history":[{"count":0,"href":"https:\/\/gerardoduque.com.mx\/index.php?rest_route=\/wp\/v2\/posts\/32893\/revisions"}],"wp:featuredmedia":[{"embeddable":true,"href":"https:\/\/gerardoduque.com.mx\/index.php?rest_route=\/wp\/v2\/media\/32894"}],"wp:attachment":[{"href":"https:\/\/gerardoduque.com.mx\/index.php?rest_route=%2Fwp%2Fv2%2Fmedia&parent=32893"}],"wp:term":[{"taxonomy":"category","embeddable":true,"href":"https:\/\/gerardoduque.com.mx\/index.php?rest_route=%2Fwp%2Fv2%2Fcategories&post=32893"},{"taxonomy":"post_tag","embeddable":true,"href":"https:\/\/gerardoduque.com.mx\/index.php?rest_route=%2Fwp%2Fv2%2Ftags&post=32893"}],"curies":[{"name":"wp","href":"https:\/\/api.w.org\/{rel}","templated":true}]}}