{"id":32889,"date":"2025-01-06T17:51:08","date_gmt":"2025-01-06T23:51:08","guid":{"rendered":"https:\/\/gerardoduque.com.mx\/?p=32889"},"modified":"2025-01-06T17:51:23","modified_gmt":"2025-01-06T23:51:23","slug":"para-la-seguridad-estado-pide-mas-coordinacion-a-los-municipios","status":"publish","type":"post","link":"https:\/\/gerardoduque.com.mx\/?p=32889","title":{"rendered":"PARA LA SEGURIDAD, ESTADO PIDE M\u00c1S COORDINACI\u00d3N A LOS MUNICIPIOS"},"content":{"rendered":"\n<p>Los 59 municipios de San Luis Potos\u00ed deben fortalecer la coordinaci\u00f3n para que los programas de seguridad sumen esfuerzos con las estrategias estatal y federal, a fin de mejorar los resultados, establecer una misma ruta y que, dentro de su \u00e1mbito de competencia, sean un apoyo para construir la tranquilidad y la paz.<\/p>\n\n\n\n<p>Lo anterior lo afirm\u00f3 el secretario general de Gobierno, J. Guadalupe Torres S\u00e1nchez, quien reiter\u00f3 que es indispensable que los municipios se vinculen en sus acciones, tal como lo ha instruido el gobernador Ricardo Gallardo Cardona, tras a\u00f1adir que las reuniones que ha sostenido con las y los alcaldes permiten establecer medidas de coordinaci\u00f3n y se les ha solicitado que acudan a las reuniones interestatales o regionalizadas de seguridad.<\/p>\n\n\n\n<p>Torres S\u00e1nchez precis\u00f3 que, en el marco de su compromiso por garantizar la seguridad y la paz en San Luis Potos\u00ed, el gobernador Ricardo Gallardo tambi\u00e9n coincide en la necesidad de que las autoridades estatales y municipales implementen medidas conjuntas y que se intensifique la vigilancia en cada uno de los municipios para fortalecer la gobernabilidad, mantener la paz social y la estabilidad.<\/p>\n\n\n\n<p>Coment\u00f3 que las y los alcaldes deben mantener este esp\u00edritu de trabajo y de unidad para que este 2025 permanezca la voluntad y el compromiso con la paz social y el orden, y, aunque reconoci\u00f3 que cada municipio tiene su propia situaci\u00f3n, siempre prevalece el respeto a la autonom\u00eda municipal.<\/p>\n","protected":false},"excerpt":{"rendered":"<p>Necesario que los programas de seguridad se integren a los planes estatal y federal<\/p>\n","protected":false},"author":4,"featured_media":32890,"comment_status":"closed","ping_status":"closed","sticky":false,"template":"","format":"standard","meta":{"_et_pb_use_builder":"off","_et_pb_old_content":"","_et_gb_content_width":"","footnotes":""},"categories":[412,62,280],"tags":[],"class_list":["post-32889","post","type-post","status-publish","format-standard","has-post-thumbnail","hentry","category-destacado","category-redaccion","category-gob-slp"],"_links":{"self":[{"href":"https:\/\/gerardoduque.com.mx\/index.php?rest_route=\/wp\/v2\/posts\/32889","targetHints":{"allow":["GET"]}}],"collection":[{"href":"https:\/\/gerardoduque.com.mx\/index.php?rest_route=\/wp\/v2\/posts"}],"about":[{"href":"https:\/\/gerardoduque.com.mx\/index.php?rest_route=\/wp\/v2\/types\/post"}],"author":[{"embeddable":true,"href":"https:\/\/gerardoduque.com.mx\/index.php?rest_route=\/wp\/v2\/users\/4"}],"replies":[{"embeddable":true,"href":"https:\/\/gerardoduque.com.mx\/index.php?rest_route=%2Fwp%2Fv2%2Fcomments&post=32889"}],"version-history":[{"count":0,"href":"https:\/\/gerardoduque.com.mx\/index.php?rest_route=\/wp\/v2\/posts\/32889\/revisions"}],"wp:featuredmedia":[{"embeddable":true,"href":"https:\/\/gerardoduque.com.mx\/index.php?rest_route=\/wp\/v2\/media\/32890"}],"wp:attachment":[{"href":"https:\/\/gerardoduque.com.mx\/index.php?rest_route=%2Fwp%2Fv2%2Fmedia&parent=32889"}],"wp:term":[{"taxonomy":"category","embeddable":true,"href":"https:\/\/gerardoduque.com.mx\/index.php?rest_route=%2Fwp%2Fv2%2Fcategories&post=32889"},{"taxonomy":"post_tag","embeddable":true,"href":"https:\/\/gerardoduque.com.mx\/index.php?rest_route=%2Fwp%2Fv2%2Ftags&post=32889"}],"curies":[{"name":"wp","href":"https:\/\/api.w.org\/{rel}","templated":true}]}}