{"id":32732,"date":"2025-01-03T00:28:21","date_gmt":"2025-01-03T06:28:21","guid":{"rendered":"https:\/\/gerardoduque.com.mx\/?p=32732"},"modified":"2025-01-03T00:28:26","modified_gmt":"2025-01-03T06:28:26","slug":"indigente-debera-denunciar-ante-el-mp-para-que-se-actue-contra-sus-atacantes-en-valles","status":"publish","type":"post","link":"https:\/\/gerardoduque.com.mx\/?p=32732","title":{"rendered":"INDIGENTE DEBER\u00c1 DENUNCIAR ANTE EL MP PARA QUE SE ACT\u00daE CONTRA SUS ATACANTES EN VALLES"},"content":{"rendered":"\n<p>Desde la noche del mi\u00e9rcoles 1o. de enero, a trav\u00e9s de grupos en redes sociales comenz\u00f3 una campa\u00f1a para identificar a quienes perpetraron una agresi\u00f3n con pirotecnia encendida en contra de un hombre indigente que se encontraba acostado en una banqueta en la zona centro de Ciudad Valles.<\/p>\n\n\n\n<p>De acuerdo al rastreo hecho por usuarios de Instagram y Facebook, los autores del ataque ser\u00edan al menos dos menores de edad: una mujer y un hombre.<\/p>\n\n\n\n<p>Sus nombres y fotograf\u00edas fueron compartidas en redes sociales. No obstante, ambos eliminaron sus perfiles p\u00fablicos. Se tratar\u00eda de alumnos de nivel preparatoria de un colegio particular de Ciudad Valles.<\/p>\n\n\n\n<p>El jueves, el Instituto \u201cMariano Arista\u201d emiti\u00f3 un posicionamiento dirigido a la opini\u00f3n p\u00fablica.<\/p>\n\n\n\n<p>En la carta se destaca: <strong><em>\u201cSomos conscientes de que nuestra labor es reforzar los valores que nacen en el n\u00facleo familiar\u201d<\/em><\/strong>.<\/p>\n\n\n\n<p>Seg\u00fan el maestro Edgardo Hern\u00e1ndez Contreras -especialista en derecho penal- este acto perpetrado por j\u00f3venes podr\u00eda tipificarse como \u201ctentativa de homicidio\u201d.<\/p>\n\n\n\n<p>Respecto a la agresi\u00f3n, entrevistamos al Secretario del Ayuntamiento de Ciudad Valles: <em><strong>\u201cSi hubiera sido homicidio pues obviamente es de oficio, insisto, no somos investigadores pero s\u00ed sabemos quienes pueden ser\u2026 por eso, si la v\u00edctima es su deseo presentar la denuncia nosotros podemos ya empezar a apoyarlo con las c\u00e1maras y videos, para eso est\u00e1 la autoridad que puede sancionar la conducta\u2026 pero no todos los delitos son contra indigentes, entonces hay quien s\u00ed presenta las denuncias, para prevenir alg\u00fan delito puede servir una c\u00e1mara de video, en este caso se cometi\u00f3 un acto administrativo que puede ser sancionado\u2026 el delito se va a dar si la v\u00edctima presenta su querella\u201d<\/strong><\/em>, expres\u00f3 Luis \u00c1ngel Contreras Malibr\u00e1n.<\/p>\n\n\n\n<p>&#8211;<strong>AS\u00cd OCURRI\u00d3 LA AGRESI\u00d3N<\/strong>&#8211;<\/p>\n\n\n\n<p>Durante la noche de fin de a\u00f1o, varios j\u00f3venes compartieron a trav\u00e9s de sus redes sociales el video que grabaron al momento en que arrojan pirotecnia encendida a un hombre en situaci\u00f3n de calle.<\/p>\n\n\n\n<p>En las im\u00e1genes se advierte que la agresora y otros acompa\u00f1antes se desplazan a bordo de un veh\u00edculo sobre la avenida Ju\u00e1rez, en el centro de Ciudad Valles. Por instantes reducen la velocidad de la unidad para lanzar el artefacto encendido a un hombre que estaba postrado sobre unos cartones en la banqueta que se ubica al exterior de la Oficina Recaudadora de Finanzas del Estado.<\/p>\n\n\n\n<p>En el video se escuchan las voces y las risas de la joven y de sus acompa\u00f1antes. Los agresores emprenden la huida al ver la reacci\u00f3n ansiosa de su v\u00edctima, quien se levanta asustado para sacudirse el artefacto encendido e intenta ponerse a salvo de una posible explosi\u00f3n.<\/p>\n\n\n\n<p>Al trascender las im\u00e1genes en redes sociales la sociedad de Valles y la zona huasteca han manifestado su indignaci\u00f3n y repudio ante este acto.<\/p>\n\n\n\n<p><strong>\u00bfQUI\u00c9N ES EL HOMBRE AGREDIDO?<\/strong><\/p>\n\n\n\n<p>La noche del jueves nos acercamos al sitio donde suele pernoctar el hombre en situaci\u00f3n de calle que fue agredido. Se trata de un hombre reservado, pero se comport\u00f3 de manera educada (no desprend\u00eda olor a alcohol ni a alguna sustancia t\u00f3xica). Nos cont\u00f3 que se llama Israel y que tiene sesenta a\u00f1os de edad. Dijo ser originario de la Ciudad de M\u00e9xico, pero vive desde hace veinticuatro a\u00f1os en las calles de Valles. Platic\u00f3 que por las ma\u00f1anas trabaja haciendo mandados en un negocio de gorditas cercano. \u00a0<\/p>\n\n\n\n<p>Cuando conversamos con don Israel hab\u00edan transcurrido casi cuarentaiocho horas desde que fue agredido. Don Israel asegur\u00f3 ninguna autoridad se hab\u00eda acercado hasta ese momento a ofrecerle alg\u00fan tipo de acompa\u00f1amiento o ayuda.<\/p>\n\n\n\n<p>Fueron j\u00f3venes y familias que se enteraron de lo ocurrido quienes s\u00ed acudieron en esos momentos a ofrecerle alimentos, ropa y calzado.<\/p>\n\n\n\n<p>Minutos m\u00e1s tarde, tras ver la presencia de reporteros y sociedad civil, arribaron al sitio empleados del DIF municipal y de Protecci\u00f3n Civil.<\/p>\n","protected":false},"excerpt":{"rendered":"<p>\u201cNo somos autoridad investigadora\u201d, sentenci\u00f3 el secretario del ayuntamiento <\/p>\n","protected":false},"author":4,"featured_media":32733,"comment_status":"closed","ping_status":"closed","sticky":false,"template":"","format":"standard","meta":{"_et_pb_use_builder":"off","_et_pb_old_content":"","_et_gb_content_width":"","footnotes":""},"categories":[412,62],"tags":[],"class_list":["post-32732","post","type-post","status-publish","format-standard","has-post-thumbnail","hentry","category-destacado","category-redaccion"],"_links":{"self":[{"href":"https:\/\/gerardoduque.com.mx\/index.php?rest_route=\/wp\/v2\/posts\/32732","targetHints":{"allow":["GET"]}}],"collection":[{"href":"https:\/\/gerardoduque.com.mx\/index.php?rest_route=\/wp\/v2\/posts"}],"about":[{"href":"https:\/\/gerardoduque.com.mx\/index.php?rest_route=\/wp\/v2\/types\/post"}],"author":[{"embeddable":true,"href":"https:\/\/gerardoduque.com.mx\/index.php?rest_route=\/wp\/v2\/users\/4"}],"replies":[{"embeddable":true,"href":"https:\/\/gerardoduque.com.mx\/index.php?rest_route=%2Fwp%2Fv2%2Fcomments&post=32732"}],"version-history":[{"count":0,"href":"https:\/\/gerardoduque.com.mx\/index.php?rest_route=\/wp\/v2\/posts\/32732\/revisions"}],"wp:featuredmedia":[{"embeddable":true,"href":"https:\/\/gerardoduque.com.mx\/index.php?rest_route=\/wp\/v2\/media\/32733"}],"wp:attachment":[{"href":"https:\/\/gerardoduque.com.mx\/index.php?rest_route=%2Fwp%2Fv2%2Fmedia&parent=32732"}],"wp:term":[{"taxonomy":"category","embeddable":true,"href":"https:\/\/gerardoduque.com.mx\/index.php?rest_route=%2Fwp%2Fv2%2Fcategories&post=32732"},{"taxonomy":"post_tag","embeddable":true,"href":"https:\/\/gerardoduque.com.mx\/index.php?rest_route=%2Fwp%2Fv2%2Ftags&post=32732"}],"curies":[{"name":"wp","href":"https:\/\/api.w.org\/{rel}","templated":true}]}}