{"id":32722,"date":"2025-01-02T19:03:40","date_gmt":"2025-01-03T01:03:40","guid":{"rendered":"https:\/\/gerardoduque.com.mx\/?p=32722"},"modified":"2025-01-02T19:03:46","modified_gmt":"2025-01-03T01:03:46","slug":"identifican-a-agresora-y-agresor-de-indigente-le-lanzaron-pirotecnia-en-ciudad-valles","status":"publish","type":"post","link":"https:\/\/gerardoduque.com.mx\/?p=32722","title":{"rendered":"IDENTIFICAN A AGRESORA Y AGRESOR DE INDIGENTE; LE LANZARON PIROTECNIA EN CIUDAD VALLES"},"content":{"rendered":"\n<p>Desde la noche del mi\u00e9rcoles 1\u00ba. de enero, a trav\u00e9s de grupos en redes sociales comenz\u00f3 una campa\u00f1a para identificar a quienes perpetraron una agresi\u00f3n con pirotecnia en contra de un hombre indigente que se encontraba acostado en una banqueta, en la zona centro de Ciudad Valles.<\/p>\n\n\n\n<p>De acuerdo al rastreo hecho por usuarios de Instagram y Facebook, los autores del ataque ser\u00edan al menos dos menores de edad: una mujer y un hombre.<\/p>\n\n\n\n<p>Sus nombres y fotograf\u00edas est\u00e1n siendo compartidas en <a><\/a>redes sociales. No obstante, ambos eliminaron sus perfiles p\u00fablicos.<\/p>\n\n\n\n<p>Ha trascendido que se trata de alumnos de nivel preparatoria de un colegio particular de Ciudad Valles.<\/p>\n\n\n\n<p>Este jueves el Instituto \u201cMariano Arista\u201d emiti\u00f3 un posicionamiento dirigido a la opini\u00f3n p\u00fablica. En la carta se destaca: \u201cSomos conscientes de que nuestra labor es reforzar los valores que nacen en el n\u00facleo familiar\u201d.<\/p>\n\n\n\n<p>Seg\u00fan el especialista en derecho penal, Mtro. Edgardo Hern\u00e1ndez Contreras, este acto perpetrado por j\u00f3venes podr\u00eda tipificarse como \u201ctentativa de homicidio\u201d.<\/p>\n","protected":false},"excerpt":{"rendered":"<p>Los j\u00f3venes compartieron el video, burl\u00e1ndose  <\/p>\n","protected":false},"author":4,"featured_media":32723,"comment_status":"closed","ping_status":"closed","sticky":false,"template":"","format":"standard","meta":{"_et_pb_use_builder":"off","_et_pb_old_content":"","_et_gb_content_width":"","footnotes":""},"categories":[412,62],"tags":[],"class_list":["post-32722","post","type-post","status-publish","format-standard","has-post-thumbnail","hentry","category-destacado","category-redaccion"],"_links":{"self":[{"href":"https:\/\/gerardoduque.com.mx\/index.php?rest_route=\/wp\/v2\/posts\/32722","targetHints":{"allow":["GET"]}}],"collection":[{"href":"https:\/\/gerardoduque.com.mx\/index.php?rest_route=\/wp\/v2\/posts"}],"about":[{"href":"https:\/\/gerardoduque.com.mx\/index.php?rest_route=\/wp\/v2\/types\/post"}],"author":[{"embeddable":true,"href":"https:\/\/gerardoduque.com.mx\/index.php?rest_route=\/wp\/v2\/users\/4"}],"replies":[{"embeddable":true,"href":"https:\/\/gerardoduque.com.mx\/index.php?rest_route=%2Fwp%2Fv2%2Fcomments&post=32722"}],"version-history":[{"count":0,"href":"https:\/\/gerardoduque.com.mx\/index.php?rest_route=\/wp\/v2\/posts\/32722\/revisions"}],"wp:featuredmedia":[{"embeddable":true,"href":"https:\/\/gerardoduque.com.mx\/index.php?rest_route=\/wp\/v2\/media\/32723"}],"wp:attachment":[{"href":"https:\/\/gerardoduque.com.mx\/index.php?rest_route=%2Fwp%2Fv2%2Fmedia&parent=32722"}],"wp:term":[{"taxonomy":"category","embeddable":true,"href":"https:\/\/gerardoduque.com.mx\/index.php?rest_route=%2Fwp%2Fv2%2Fcategories&post=32722"},{"taxonomy":"post_tag","embeddable":true,"href":"https:\/\/gerardoduque.com.mx\/index.php?rest_route=%2Fwp%2Fv2%2Ftags&post=32722"}],"curies":[{"name":"wp","href":"https:\/\/api.w.org\/{rel}","templated":true}]}}