{"id":32662,"date":"2024-12-30T17:39:17","date_gmt":"2024-12-30T23:39:17","guid":{"rendered":"https:\/\/gerardoduque.com.mx\/?p=32662"},"modified":"2024-12-30T17:40:16","modified_gmt":"2024-12-30T23:40:16","slug":"levantaron-a-su-hijo-en-rioverde-advierte-que-bloqueara-carretera","status":"publish","type":"post","link":"https:\/\/gerardoduque.com.mx\/?p=32662","title":{"rendered":"\u00abLEVANTARON\u00bb A SU HIJO EN RIOVERDE: ADVIERTE QUE BLOQUEAR\u00c1 CARRETERA"},"content":{"rendered":"\n<p>El pasado domingo 22 de diciembre, Emir Yurel Torres Cruz, un joven originario del estado de Quer\u00e9taro fue privado de su libertad en el municipio de Rioverde, que se ubica en la zona media de la entidad potosina.<\/p>\n\n\n\n<p>Emir Yurel -de 19 a\u00f1os de edad- fue \u201clevantado\u201d al exterior de un restaurante de comida japonesa.<\/p>\n\n\n\n<p>La madre del joven relat\u00f3 que su hijo y la novia de \u00e9l sal\u00edan del establecimiento cuando cuatro sujetos armados los interceptaron y se lo llevaron por la fuerza. Mientras, la muchacha logr\u00f3 escapar y pedir auxilio.<\/p>\n\n\n\n<p>Este lunes, Odalis Cruz -madre de Emir Yurel- expres\u00f3:<strong> \u201cde aqu\u00ed a ma\u00f1ana, m\u00e1s tardar al mi\u00e9rcoles, vamos a bloquear una carretera, para que vean que no estamos jugando, porque con la vida de las \u00a0personas no se juega\u2026\u201d<\/strong><\/p>\n\n\n\n<p>Odalis afirm\u00f3 que, pese al llamado inmediato a las autoridades no hubo respuesta para atender la emergencia.<\/p>\n\n\n\n<p>Este lunes Odalis se manifest\u00f3 pac\u00edficamente en la plaza principal de Rioverde. En compa\u00f1\u00eda de familiares y amigos expres\u00f3 su desesperaci\u00f3n, y exigi\u00f3 que la Fiscal\u00eda General del Estado agilice las investigaciones, incluso hizo un llamado al alcalde Arnulfo Urbiola y al gobernador Ricardo Gallardo.<\/p>\n\n\n\n<p><strong>\u201cLa Fiscal\u00eda que agilice para que nos entreguen los videos, ya son ocho d\u00edas sin saber de nada de mi hijo\u2026 la sociedad de b\u00fasqueda no podemos hacer nada porque no nos han entregado los videos\u2026 le pido el apoyo al se\u00f1or Arnulfo Urbiola y al se\u00f1or Gallardo que por favor necesito encontrar a mi hijo, pues mientras siga pasando m\u00e1s tiempo hay menos posibilidades de en encontrarlo con vida\u2026 no tenemos ning\u00fan indicio, no tenemos nada, nada hasta ahorita, no es posible que nisiquiera haya una c\u00e1mara que haya logrado detectar tanto la camioneta de nosotros como en la camioneta en que se lo llevaron\u201d.<\/strong><\/p>\n\n\n\n<p>Odalis describi\u00f3 a su hijo como un joven tranquilo, poco sociable y con un c\u00edrculo de amistades reducido. Tambi\u00e9n afirm\u00f3 que Emir no consume alcohol ni drogas, y revel\u00f3 que enfrenta problemas de salud que agravan la situaci\u00f3n.<\/p>\n\n\n\n<p>Emir trabajaba en una empresa de dise\u00f1o gr\u00e1fico en Jalpan (Quer\u00e9taro) de donde es originario, y su madre asegur\u00f3 que se encontraba en Rioverde por motivos laborales.<\/p>\n","protected":false},"excerpt":{"rendered":"<p>Hace un llamado al gobernador Gallardo <\/p>\n","protected":false},"author":4,"featured_media":32665,"comment_status":"closed","ping_status":"closed","sticky":false,"template":"","format":"standard","meta":{"_et_pb_use_builder":"off","_et_pb_old_content":"","_et_gb_content_width":"","footnotes":""},"categories":[412,62],"tags":[],"class_list":["post-32662","post","type-post","status-publish","format-standard","has-post-thumbnail","hentry","category-destacado","category-redaccion"],"_links":{"self":[{"href":"https:\/\/gerardoduque.com.mx\/index.php?rest_route=\/wp\/v2\/posts\/32662","targetHints":{"allow":["GET"]}}],"collection":[{"href":"https:\/\/gerardoduque.com.mx\/index.php?rest_route=\/wp\/v2\/posts"}],"about":[{"href":"https:\/\/gerardoduque.com.mx\/index.php?rest_route=\/wp\/v2\/types\/post"}],"author":[{"embeddable":true,"href":"https:\/\/gerardoduque.com.mx\/index.php?rest_route=\/wp\/v2\/users\/4"}],"replies":[{"embeddable":true,"href":"https:\/\/gerardoduque.com.mx\/index.php?rest_route=%2Fwp%2Fv2%2Fcomments&post=32662"}],"version-history":[{"count":0,"href":"https:\/\/gerardoduque.com.mx\/index.php?rest_route=\/wp\/v2\/posts\/32662\/revisions"}],"wp:featuredmedia":[{"embeddable":true,"href":"https:\/\/gerardoduque.com.mx\/index.php?rest_route=\/wp\/v2\/media\/32665"}],"wp:attachment":[{"href":"https:\/\/gerardoduque.com.mx\/index.php?rest_route=%2Fwp%2Fv2%2Fmedia&parent=32662"}],"wp:term":[{"taxonomy":"category","embeddable":true,"href":"https:\/\/gerardoduque.com.mx\/index.php?rest_route=%2Fwp%2Fv2%2Fcategories&post=32662"},{"taxonomy":"post_tag","embeddable":true,"href":"https:\/\/gerardoduque.com.mx\/index.php?rest_route=%2Fwp%2Fv2%2Ftags&post=32662"}],"curies":[{"name":"wp","href":"https:\/\/api.w.org\/{rel}","templated":true}]}}