{"id":32609,"date":"2024-12-28T09:20:20","date_gmt":"2024-12-28T15:20:20","guid":{"rendered":"https:\/\/gerardoduque.com.mx\/?p=32609"},"modified":"2024-12-28T09:20:25","modified_gmt":"2024-12-28T15:20:25","slug":"implementan-acciones-para-el-combate-a-la-venta-ilegal-de-alcohol","status":"publish","type":"post","link":"https:\/\/gerardoduque.com.mx\/?p=32609","title":{"rendered":"IMPLEMENTAN ACCIONES PARA EL COMBATE A LA VENTA ILEGAL DE ALCOHOL"},"content":{"rendered":"\n<p>La Direcci\u00f3n General de Gobernaci\u00f3n inform\u00f3 que se implementan acciones en contra de la venta ilegal de bebidas alcoh\u00f3licas durante el a\u00f1o que concluye garantizando el bienestar de las potosinos con m\u00e1s apoyo en materia preventiva.<\/p>\n\n\n\n<p>Personal de la dependencia visitar\u00e1n las cuatro zonas del Estado verificando que la venta de bebidas alcoh\u00f3licas se realice en orden y conforme a la ley en la materia.<\/p>\n\n\n\n<p>Durante el 2024 se llevaron a cabo visitas a cada uno de los municipios y como resultado se realizaron dos mil 840 inspecciones. De estas, 830 concluyeron en suspensiones y 586 m\u00e1s en multas.<\/p>\n\n\n\n<p>Para finalizar, se dio a conocer que se reforzar\u00e1n los operativos en este cierre de a\u00f1o para que se cumplan los horarios de funcionamiento, tarea para la cual es vital la colaboraci\u00f3n de propietarios y responsables apeg\u00e1ndose a lo establecido y cumpliendo con lo estipulado en la ley.<\/p>\n","protected":false},"excerpt":{"rendered":"<p>Se hizo un llamado a propietarios y responsables a cumplir con los horarios establecidos este fin de a\u00f1o.<\/p>\n","protected":false},"author":4,"featured_media":32610,"comment_status":"closed","ping_status":"closed","sticky":false,"template":"","format":"standard","meta":{"_et_pb_use_builder":"off","_et_pb_old_content":"","_et_gb_content_width":"","footnotes":""},"categories":[412,280],"tags":[72,66],"class_list":["post-32609","post","type-post","status-publish","format-standard","has-post-thumbnail","hentry","category-destacado","category-gob-slp","tag-gobierno-del-estado","tag-san-luis-potosi"],"_links":{"self":[{"href":"https:\/\/gerardoduque.com.mx\/index.php?rest_route=\/wp\/v2\/posts\/32609","targetHints":{"allow":["GET"]}}],"collection":[{"href":"https:\/\/gerardoduque.com.mx\/index.php?rest_route=\/wp\/v2\/posts"}],"about":[{"href":"https:\/\/gerardoduque.com.mx\/index.php?rest_route=\/wp\/v2\/types\/post"}],"author":[{"embeddable":true,"href":"https:\/\/gerardoduque.com.mx\/index.php?rest_route=\/wp\/v2\/users\/4"}],"replies":[{"embeddable":true,"href":"https:\/\/gerardoduque.com.mx\/index.php?rest_route=%2Fwp%2Fv2%2Fcomments&post=32609"}],"version-history":[{"count":0,"href":"https:\/\/gerardoduque.com.mx\/index.php?rest_route=\/wp\/v2\/posts\/32609\/revisions"}],"wp:featuredmedia":[{"embeddable":true,"href":"https:\/\/gerardoduque.com.mx\/index.php?rest_route=\/wp\/v2\/media\/32610"}],"wp:attachment":[{"href":"https:\/\/gerardoduque.com.mx\/index.php?rest_route=%2Fwp%2Fv2%2Fmedia&parent=32609"}],"wp:term":[{"taxonomy":"category","embeddable":true,"href":"https:\/\/gerardoduque.com.mx\/index.php?rest_route=%2Fwp%2Fv2%2Fcategories&post=32609"},{"taxonomy":"post_tag","embeddable":true,"href":"https:\/\/gerardoduque.com.mx\/index.php?rest_route=%2Fwp%2Fv2%2Ftags&post=32609"}],"curies":[{"name":"wp","href":"https:\/\/api.w.org\/{rel}","templated":true}]}}