{"id":32534,"date":"2024-12-24T23:53:16","date_gmt":"2024-12-25T05:53:16","guid":{"rendered":"https:\/\/gerardoduque.com.mx\/?p=32534"},"modified":"2024-12-24T23:53:21","modified_gmt":"2024-12-25T05:53:21","slug":"otro-detenido-por-el-crimen-del-alcalde-de-tancanhuitz-y-tres-de-sus-colaboradores","status":"publish","type":"post","link":"https:\/\/gerardoduque.com.mx\/?p=32534","title":{"rendered":"OTRO DETENIDO POR EL CRIMEN DEL ALCALDE DE TANCANHUITZ Y TRES DE SUS COLABORADORES"},"content":{"rendered":"\n<p>Agentes de la Polic\u00eda de Investigaci\u00f3n de la Fiscal\u00eda General del Estado de San Luis Potos\u00ed capturaron a otro probable implicado en el homicidio del presidente municipal de Tancanhuitz, de su secretario particular y dos escoltas de seguridad.<\/p>\n\n\n\n<p>Edgar \u201cN\u201d fue detenido en el vecino estado de Guanajuato luego de que se girara en su contra una orden de aprehensi\u00f3n por el delito de homicidio calificado.<\/p>\n\n\n\n<p>La detenci\u00f3n de \u201cEdgar\u201d se realiz\u00f3 gracias a un convenio de colaboraci\u00f3n entre ambas entidades, y luego fue trasladado al Centro de Reinserci\u00f3n Social n\u00famero 1 ubicado en la Delegaci\u00f3n La Pila, en la capital potosina.<\/p>\n\n\n\n<p>Los litigadores adscritos a la Unidad Especializada en Homicidios llevar\u00e1n a cabo la audiencia inicial ante un Juez de Control, donde se buscar\u00e1 que el imputado sea vinculado a proceso.<\/p>\n\n\n\n<p>Edgar \u201cN\u201d ser\u00eda uno de los asesinos materiales del presidente municipal de Tancanhuitz -Jes\u00fas Franco L\u00e1rraga- y los tres colaboradores que viajaban junto a \u00e9l la noche del domingo 15 de diciembre.<\/p>\n\n\n\n<p>Treintais\u00e9is horas despu\u00e9s del crimen m\u00faltiple fue detenido Jos\u00e9 Guadalupe \u201cN\u201d alias \u201cPepelupe\u201d,<\/p>\n\n\n\n<p>De acuerdo a lo revelado el pasado fin de semana por Mar\u00eda Manuela Garc\u00eda C\u00e1zares -titular de la fiscal\u00eda potosina-, \u201cPepelupe\u201d habr\u00eda contratado a varios sicarios originarios de otro estado de la rep\u00fablica para asesinar al alcalde de Tancanhuitz.<\/p>\n\n\n\n<p>Jos\u00e9 Guadalupe \u201cPepelupe\u201d ya fue vinculado a proceso por ser presuntamente el autor intelectual del ataque. En tanto, Edgar \u201cN\u201d -detenido en Guanajuato- ser\u00eda uno de los sicarios.<\/p>\n\n\n\n<p>En a\u00f1os recientes Jos\u00e9 Guadalupe \u201cPepelupe\u201d hab\u00eda venido operando pol\u00edticamente dentro del c\u00edrculo cercano a la dirigente estatal de MORENA, y tambi\u00e9n fue alcalde de Tancanhuitz (por el PRI) de 2012 a 2012.<\/p>\n","protected":false},"excerpt":{"rendered":"<p>En tanto, el presunto asesino intelectual ya fue vinculado a proceso  <\/p>\n","protected":false},"author":4,"featured_media":32535,"comment_status":"closed","ping_status":"closed","sticky":false,"template":"","format":"standard","meta":{"_et_pb_use_builder":"off","_et_pb_old_content":"","_et_gb_content_width":"","footnotes":""},"categories":[412,62],"tags":[],"class_list":["post-32534","post","type-post","status-publish","format-standard","has-post-thumbnail","hentry","category-destacado","category-redaccion"],"_links":{"self":[{"href":"https:\/\/gerardoduque.com.mx\/index.php?rest_route=\/wp\/v2\/posts\/32534","targetHints":{"allow":["GET"]}}],"collection":[{"href":"https:\/\/gerardoduque.com.mx\/index.php?rest_route=\/wp\/v2\/posts"}],"about":[{"href":"https:\/\/gerardoduque.com.mx\/index.php?rest_route=\/wp\/v2\/types\/post"}],"author":[{"embeddable":true,"href":"https:\/\/gerardoduque.com.mx\/index.php?rest_route=\/wp\/v2\/users\/4"}],"replies":[{"embeddable":true,"href":"https:\/\/gerardoduque.com.mx\/index.php?rest_route=%2Fwp%2Fv2%2Fcomments&post=32534"}],"version-history":[{"count":0,"href":"https:\/\/gerardoduque.com.mx\/index.php?rest_route=\/wp\/v2\/posts\/32534\/revisions"}],"wp:featuredmedia":[{"embeddable":true,"href":"https:\/\/gerardoduque.com.mx\/index.php?rest_route=\/wp\/v2\/media\/32535"}],"wp:attachment":[{"href":"https:\/\/gerardoduque.com.mx\/index.php?rest_route=%2Fwp%2Fv2%2Fmedia&parent=32534"}],"wp:term":[{"taxonomy":"category","embeddable":true,"href":"https:\/\/gerardoduque.com.mx\/index.php?rest_route=%2Fwp%2Fv2%2Fcategories&post=32534"},{"taxonomy":"post_tag","embeddable":true,"href":"https:\/\/gerardoduque.com.mx\/index.php?rest_route=%2Fwp%2Fv2%2Ftags&post=32534"}],"curies":[{"name":"wp","href":"https:\/\/api.w.org\/{rel}","templated":true}]}}