{"id":32507,"date":"2024-12-23T20:13:25","date_gmt":"2024-12-24T02:13:25","guid":{"rendered":"https:\/\/gerardoduque.com.mx\/?p=32507"},"modified":"2024-12-23T20:13:30","modified_gmt":"2024-12-24T02:13:30","slug":"delincuentes-asaltan-de-camion-de-paqueteria-en-ciudad-valles","status":"publish","type":"post","link":"https:\/\/gerardoduque.com.mx\/?p=32507","title":{"rendered":"DELINCUENTES ASALTAN DE CAMI\u00d3N DE PAQUETER\u00cdA EN CIUDAD VALLES"},"content":{"rendered":"\n<p>Un violento robo ocurri\u00f3 este lunes al mediod\u00eda en la colonia Obrera, donde un repartidor de paqueter\u00eda fue interceptado por varios hombres armados que le robaron parte de su carga.<\/p>\n\n\n\n<p>El incidente tuvo lugar en la calle 16 de septiembre, entre las calles Manuel Jos\u00e9 Oth\u00f3n y Juan Sarabia, cuando el trabajador de la empresa Inbox descargaba varios paquetes de su veh\u00edculo.<\/p>\n\n\n\n<p>En ese momento, un sujeto armado con pistola lo amenaz\u00f3 y lo oblig\u00f3 a permanecer junto a su unidad, mientras que otros c\u00f3mplices aprovechaban para sustraer varios paquetes y cargarlos en un autom\u00f3vil de color rojo.<\/p>\n\n\n\n<p>Una vez cometidos los hechos, los delincuentes liberaron al repartidor y huyeron r\u00e1pidamente del lugar. A pesar de que el afectado solicit\u00f3 apoyo de las autoridades, las fuerzas de seguridad no lograron dar con los responsables del robo.<\/p>\n\n\n\n<p>La Polic\u00eda Municipal, Guardia Civil y otras corporaciones se presentaron en el lugar para realizar las investigaciones, sin embargo, no se obtuvo informaci\u00f3n sobre el paradero de los delincuentes.<\/p>\n","protected":false},"excerpt":{"rendered":"<p>El robo a mano armada ocurri\u00f3 a plena luz del d\u00eda en Ciudad Valles.<\/p>\n","protected":false},"author":4,"featured_media":32508,"comment_status":"closed","ping_status":"closed","sticky":false,"template":"","format":"standard","meta":{"_et_pb_use_builder":"off","_et_pb_old_content":"","_et_gb_content_width":"","footnotes":""},"categories":[412,62],"tags":[79,66],"class_list":["post-32507","post","type-post","status-publish","format-standard","has-post-thumbnail","hentry","category-destacado","category-redaccion","tag-ciudad-valles","tag-san-luis-potosi"],"_links":{"self":[{"href":"https:\/\/gerardoduque.com.mx\/index.php?rest_route=\/wp\/v2\/posts\/32507","targetHints":{"allow":["GET"]}}],"collection":[{"href":"https:\/\/gerardoduque.com.mx\/index.php?rest_route=\/wp\/v2\/posts"}],"about":[{"href":"https:\/\/gerardoduque.com.mx\/index.php?rest_route=\/wp\/v2\/types\/post"}],"author":[{"embeddable":true,"href":"https:\/\/gerardoduque.com.mx\/index.php?rest_route=\/wp\/v2\/users\/4"}],"replies":[{"embeddable":true,"href":"https:\/\/gerardoduque.com.mx\/index.php?rest_route=%2Fwp%2Fv2%2Fcomments&post=32507"}],"version-history":[{"count":0,"href":"https:\/\/gerardoduque.com.mx\/index.php?rest_route=\/wp\/v2\/posts\/32507\/revisions"}],"wp:featuredmedia":[{"embeddable":true,"href":"https:\/\/gerardoduque.com.mx\/index.php?rest_route=\/wp\/v2\/media\/32508"}],"wp:attachment":[{"href":"https:\/\/gerardoduque.com.mx\/index.php?rest_route=%2Fwp%2Fv2%2Fmedia&parent=32507"}],"wp:term":[{"taxonomy":"category","embeddable":true,"href":"https:\/\/gerardoduque.com.mx\/index.php?rest_route=%2Fwp%2Fv2%2Fcategories&post=32507"},{"taxonomy":"post_tag","embeddable":true,"href":"https:\/\/gerardoduque.com.mx\/index.php?rest_route=%2Fwp%2Fv2%2Ftags&post=32507"}],"curies":[{"name":"wp","href":"https:\/\/api.w.org\/{rel}","templated":true}]}}