{"id":32497,"date":"2024-12-23T10:36:36","date_gmt":"2024-12-23T16:36:36","guid":{"rendered":"https:\/\/gerardoduque.com.mx\/?p=32497"},"modified":"2024-12-23T10:36:41","modified_gmt":"2024-12-23T16:36:41","slug":"arranca-campana-di-no-a-la-pirotecnia-en-slp","status":"publish","type":"post","link":"https:\/\/gerardoduque.com.mx\/?p=32497","title":{"rendered":"ARRANCA CAMPA\u00d1A \u201cDI NO A LA PIROTECNIA\u201d EN SLP"},"content":{"rendered":"\n<p>La Coordinaci\u00f3n Estatal de Protecci\u00f3n Civil arranc\u00f3 la campa\u00f1a digital \u201c#DiNoALaPirotecnia\u201d, para evitar accidentes a consecuencia del mal uso y manejo de la pirotecnia por parte de la ciudadan\u00eda.<\/p>\n\n\n\n<p>La principal recomendaci\u00f3n para la ciudadan\u00eda es que no adquiera cohetes peligrosos como los llamados: hulk, huevos de marrano, paloma estrella, cara de diablo, entre otros, que pueden provocar lesiones severas.<\/p>\n\n\n\n<p>Se solicit\u00f3 a madres y padres de familia evitar que menores de edad detonen artefactos de este tipo, usar encendedores de mecha larga, colocar el cohete en el suelo y nunca en la mano, no arrojarlos cerca de autos, personas o animales, no arrojarlos dentro de lotes bald\u00edos o lugares con maleza con el fin de evitar incendios urbanos.<\/p>\n\n\n\n<p>Durante las fiestas navide\u00f1as aumenta la posibilidad de accidentes, por lo que con esta campa\u00f1a se busca que los ciudadanos tomen conciencia del da\u00f1o que pueden sufrir si usan pirotecnia sin los cuidados correspondientes.<\/p>\n","protected":false},"excerpt":{"rendered":"<p>Protecci\u00f3n Civil Estatal emiti\u00f3 recomendaciones para evitar accidentes<\/p>\n","protected":false},"author":4,"featured_media":32498,"comment_status":"closed","ping_status":"closed","sticky":false,"template":"","format":"standard","meta":{"_et_pb_use_builder":"off","_et_pb_old_content":"","_et_gb_content_width":"","footnotes":""},"categories":[412,280],"tags":[190,72,66],"class_list":["post-32497","post","type-post","status-publish","format-standard","has-post-thumbnail","hentry","category-destacado","category-gob-slp","tag-cepc","tag-gobierno-del-estado","tag-san-luis-potosi"],"_links":{"self":[{"href":"https:\/\/gerardoduque.com.mx\/index.php?rest_route=\/wp\/v2\/posts\/32497","targetHints":{"allow":["GET"]}}],"collection":[{"href":"https:\/\/gerardoduque.com.mx\/index.php?rest_route=\/wp\/v2\/posts"}],"about":[{"href":"https:\/\/gerardoduque.com.mx\/index.php?rest_route=\/wp\/v2\/types\/post"}],"author":[{"embeddable":true,"href":"https:\/\/gerardoduque.com.mx\/index.php?rest_route=\/wp\/v2\/users\/4"}],"replies":[{"embeddable":true,"href":"https:\/\/gerardoduque.com.mx\/index.php?rest_route=%2Fwp%2Fv2%2Fcomments&post=32497"}],"version-history":[{"count":0,"href":"https:\/\/gerardoduque.com.mx\/index.php?rest_route=\/wp\/v2\/posts\/32497\/revisions"}],"wp:featuredmedia":[{"embeddable":true,"href":"https:\/\/gerardoduque.com.mx\/index.php?rest_route=\/wp\/v2\/media\/32498"}],"wp:attachment":[{"href":"https:\/\/gerardoduque.com.mx\/index.php?rest_route=%2Fwp%2Fv2%2Fmedia&parent=32497"}],"wp:term":[{"taxonomy":"category","embeddable":true,"href":"https:\/\/gerardoduque.com.mx\/index.php?rest_route=%2Fwp%2Fv2%2Fcategories&post=32497"},{"taxonomy":"post_tag","embeddable":true,"href":"https:\/\/gerardoduque.com.mx\/index.php?rest_route=%2Fwp%2Fv2%2Ftags&post=32497"}],"curies":[{"name":"wp","href":"https:\/\/api.w.org\/{rel}","templated":true}]}}