{"id":32491,"date":"2024-12-22T12:42:24","date_gmt":"2024-12-22T18:42:24","guid":{"rendered":"https:\/\/gerardoduque.com.mx\/?p=32491"},"modified":"2024-12-22T12:42:29","modified_gmt":"2024-12-22T18:42:29","slug":"pepelupe-habria-contratado-a-sicarios-para-asesinar-al-alcalde-de-tancanhuitz-fge","status":"publish","type":"post","link":"https:\/\/gerardoduque.com.mx\/?p=32491","title":{"rendered":"\u00abPEPELUPE\u00bb HABR\u00cdA CONTRATADO A SICARIOS PARA ASESINAR AL ALCALDE DE TANCANHUITZ: FGE"},"content":{"rendered":"\n<p>Jos\u00e9 Guadalupe \u201cN\u201d alias \u201cPepelupe\u201d -quien fue detenido el pasado martes- habr\u00eda contratado a varios sicarios originarios de otro estado de la rep\u00fablica para asesinar al alcalde de Tancanhuitz.<\/p>\n\n\n\n<p>Durante el ataque perpetrado la noche del pasado domingo 15 de diciembre adem\u00e1s resultaron muertos tres colaboradores de Jes\u00fas Eduardo Francio L\u00e1rraga que viajaban junto \u00e9l a bordo del autom\u00f3vil baleado sobre la carretera Valles \u2013 Tamazunchale.<\/p>\n\n\n\n<p>Tras ser detenido por agentes estatales, Jos\u00e9 Guadalupe \u201cPepelupe\u201d fue vinculado a proceso por ser presuntamente el autor intelectual del ataque, inform\u00f3 este fin de semana la titular de la Fiscal\u00eda General del Estado, Maria Manuela Garc\u00eda C\u00e1zares.<\/p>\n\n\n\n<p><strong>\u201cDe acuerdo a lo que nosotros tenemos, \u00e9l contrat\u00f3 a las personas para efecto de llevar a cabo el homicidio\u2026 son de otro lugar\u2026 de lo que nosotros tenemos en la investigaci\u00f3n en contra de la persona imputada se desprende que hay datos que hacen presumir que el ahora imputado amenaz\u00f3 en diversas ocasiones a la v\u00edctima\u2026 las personas entrevistadas hacen referencia a que hab\u00eda sido amenazado de muerte\u2026\u201d<\/strong>, revel\u00f3 Mar\u00eda Manuela Garc\u00eda C\u00e1zares, titular de la FGE.<\/p>\n\n\n\n<p>En a\u00f1os recientes Jos\u00e9 Guadalupe \u201cPepelupe\u201d hab\u00eda venido operando pol\u00edticamente dentro del c\u00edrculo cercano a la dirigente estatal de MORENA, y tambi\u00e9n fue alcalde de Tancanhuitz (por el PRI) de 2012 a 2012.<\/p>\n\n\n\n<p>Debido a las reservas de la investigaci\u00f3n, Garc\u00eda C\u00e1zarez omiti\u00f3 detallar si Alejandro -hijo de \u201cPepelupe\u201d- estar\u00eda implicado tambi\u00e9n en el asesinato del alcalde y de sus tres colaboradores.<\/p>\n\n\n\n<p>Alejandro actualmente es regidor dentro del Cabildo del mismo municipio de Tancanhuitz, pero desde que ocurri\u00f3 el crimen m\u00faltiple no ha vuelto a tener apariciones en p\u00fablico.<\/p>\n","protected":false},"excerpt":{"rendered":"<p>Avanzan las investigaciones <\/p>\n","protected":false},"author":4,"featured_media":32492,"comment_status":"closed","ping_status":"closed","sticky":false,"template":"","format":"standard","meta":{"_et_pb_use_builder":"off","_et_pb_old_content":"","_et_gb_content_width":"","footnotes":""},"categories":[412,62],"tags":[],"class_list":["post-32491","post","type-post","status-publish","format-standard","has-post-thumbnail","hentry","category-destacado","category-redaccion"],"_links":{"self":[{"href":"https:\/\/gerardoduque.com.mx\/index.php?rest_route=\/wp\/v2\/posts\/32491","targetHints":{"allow":["GET"]}}],"collection":[{"href":"https:\/\/gerardoduque.com.mx\/index.php?rest_route=\/wp\/v2\/posts"}],"about":[{"href":"https:\/\/gerardoduque.com.mx\/index.php?rest_route=\/wp\/v2\/types\/post"}],"author":[{"embeddable":true,"href":"https:\/\/gerardoduque.com.mx\/index.php?rest_route=\/wp\/v2\/users\/4"}],"replies":[{"embeddable":true,"href":"https:\/\/gerardoduque.com.mx\/index.php?rest_route=%2Fwp%2Fv2%2Fcomments&post=32491"}],"version-history":[{"count":0,"href":"https:\/\/gerardoduque.com.mx\/index.php?rest_route=\/wp\/v2\/posts\/32491\/revisions"}],"wp:featuredmedia":[{"embeddable":true,"href":"https:\/\/gerardoduque.com.mx\/index.php?rest_route=\/wp\/v2\/media\/32492"}],"wp:attachment":[{"href":"https:\/\/gerardoduque.com.mx\/index.php?rest_route=%2Fwp%2Fv2%2Fmedia&parent=32491"}],"wp:term":[{"taxonomy":"category","embeddable":true,"href":"https:\/\/gerardoduque.com.mx\/index.php?rest_route=%2Fwp%2Fv2%2Fcategories&post=32491"},{"taxonomy":"post_tag","embeddable":true,"href":"https:\/\/gerardoduque.com.mx\/index.php?rest_route=%2Fwp%2Fv2%2Ftags&post=32491"}],"curies":[{"name":"wp","href":"https:\/\/api.w.org\/{rel}","templated":true}]}}