{"id":32432,"date":"2024-12-20T09:09:28","date_gmt":"2024-12-20T15:09:28","guid":{"rendered":"https:\/\/gerardoduque.com.mx\/?p=32432"},"modified":"2024-12-20T09:09:35","modified_gmt":"2024-12-20T15:09:35","slug":"reportan-saldo-blanco-durante-caravana-migrante-2024","status":"publish","type":"post","link":"https:\/\/gerardoduque.com.mx\/?p=32432","title":{"rendered":"REPORTAN SALDO BLANCO DURANTE CARAVANA MIGRANTE 2024"},"content":{"rendered":"\n<p>El mi\u00e9rcoles ingres\u00f3 a territorio nacional la Caravana del Migrante Potosino 2024 que por cuarta ocasi\u00f3n brind\u00f3 m\u00e1s apoyo en seguridad y acompa\u00f1amiento a paisanos potosinos originarios de m\u00e1s de 16 municipios, as\u00ed como de los estados de Aguascalientes, Quer\u00e9taro, Estado de M\u00e9xico, Guanajuato y Zacatecas que transitan la entidad.<\/p>\n\n\n\n<p>El saldo fue blanco, ya que no se registraron incidentes al momento de cruzar la frontera; los connacionales previamente realizaron los tr\u00e1mites para la importaci\u00f3n temporal de sus veh\u00edculos y el registro de sus mercanc\u00edas lo que agiliz\u00f3 su ingreso al territorio nacional, donde ya elementos de la Guardia Nacional y Sede\u00f1a, les esperaban para acompa\u00f1arles.<\/p>\n\n\n\n<p>Autoridades federales, estatales y municipales estuvieron resguardando el ingreso de m\u00e1s de 200 veh\u00edculos cuyo destino fue Ciudad Valles, Ciudad Fern\u00e1ndez, Ciudad del Ma\u00edz, Cerritos, Lagunillas, Mexquitic, Rioverde, San Ciro de Acosta, Santa Catarina, Santa Mar\u00eda del R\u00edo, Salinas, Soledad de Graciano S\u00e1nchez, Tierra Nueva, Villa de Ramos, Villa de Reyes y la capital, entre otros.<\/p>\n","protected":false},"excerpt":{"rendered":"<p>Se inform\u00f3 que la llegada y tr\u00e1nsito de connacionales fue en orden y sin contratiempos.<\/p>\n","protected":false},"author":4,"featured_media":32433,"comment_status":"closed","ping_status":"closed","sticky":false,"template":"","format":"standard","meta":{"_et_pb_use_builder":"off","_et_pb_old_content":"","_et_gb_content_width":"","footnotes":""},"categories":[412,280],"tags":[72,268,66],"class_list":["post-32432","post","type-post","status-publish","format-standard","has-post-thumbnail","hentry","category-destacado","category-gob-slp","tag-gobierno-del-estado","tag-imei","tag-san-luis-potosi"],"_links":{"self":[{"href":"https:\/\/gerardoduque.com.mx\/index.php?rest_route=\/wp\/v2\/posts\/32432","targetHints":{"allow":["GET"]}}],"collection":[{"href":"https:\/\/gerardoduque.com.mx\/index.php?rest_route=\/wp\/v2\/posts"}],"about":[{"href":"https:\/\/gerardoduque.com.mx\/index.php?rest_route=\/wp\/v2\/types\/post"}],"author":[{"embeddable":true,"href":"https:\/\/gerardoduque.com.mx\/index.php?rest_route=\/wp\/v2\/users\/4"}],"replies":[{"embeddable":true,"href":"https:\/\/gerardoduque.com.mx\/index.php?rest_route=%2Fwp%2Fv2%2Fcomments&post=32432"}],"version-history":[{"count":0,"href":"https:\/\/gerardoduque.com.mx\/index.php?rest_route=\/wp\/v2\/posts\/32432\/revisions"}],"wp:featuredmedia":[{"embeddable":true,"href":"https:\/\/gerardoduque.com.mx\/index.php?rest_route=\/wp\/v2\/media\/32433"}],"wp:attachment":[{"href":"https:\/\/gerardoduque.com.mx\/index.php?rest_route=%2Fwp%2Fv2%2Fmedia&parent=32432"}],"wp:term":[{"taxonomy":"category","embeddable":true,"href":"https:\/\/gerardoduque.com.mx\/index.php?rest_route=%2Fwp%2Fv2%2Fcategories&post=32432"},{"taxonomy":"post_tag","embeddable":true,"href":"https:\/\/gerardoduque.com.mx\/index.php?rest_route=%2Fwp%2Fv2%2Ftags&post=32432"}],"curies":[{"name":"wp","href":"https:\/\/api.w.org\/{rel}","templated":true}]}}