{"id":32423,"date":"2024-12-19T18:33:25","date_gmt":"2024-12-20T00:33:25","guid":{"rendered":"https:\/\/gerardoduque.com.mx\/?p=32423"},"modified":"2024-12-19T18:33:30","modified_gmt":"2024-12-20T00:33:30","slug":"cabildo-de-tancanhuitz-elige-nueva-presidenta-tras-el-asesinato-del-alcalde","status":"publish","type":"post","link":"https:\/\/gerardoduque.com.mx\/?p=32423","title":{"rendered":"CABILDO DE TANCANHUITZ ELIGE NUEVA PRESIDENTA TRAS EL ASESINATO DEL ALCALDE"},"content":{"rendered":"\n<p>Olga Karina Luna Flores fue nombrada como presidenta municipal de Tancanhuitz, luego de que el pasado domingo fuera asesinato del alcalde Jes\u00fas Eduardo Franco L\u00e1rraga quien apenas llevaba setenta d\u00edas en el cargo.&nbsp;<\/p>\n\n\n\n<p>Este jueves se reunieron la mayor\u00eda de quienes integran el Cabildo y de forma colegiada determinaron que Olga Karina Luna Flores (regidora por Movimiento Ciudadano) ser\u00e1 quien contin\u00fae al frente de la administraci\u00f3n p\u00fablica municipal.<\/p>\n\n\n\n<p>La sesi\u00f3n de Cabildo hab\u00eda iniciado el d\u00eda de ayer mi\u00e9rcoles en medio de tensiones entre empleados del Ayuntamiento y con una zozobra que a\u00fan persiste en los pobladores luego del ataque armado del domingo donde adem\u00e1s del alcalde fallecieron tres colaboradores.<\/p>\n\n\n\n<p>El mi\u00e9rcoles al iniciar la reuni\u00f3n de Cabildo el secretario del Ayuntamiento se desmay\u00f3 debido a la presi\u00f3n y el estr\u00e9s. El funcionario debi\u00f3 ser atendido por servicios m\u00e9dicos y m\u00e1s tarde se reanud\u00f3 la sesi\u00f3n. A la directora del DIF municipal Karen Franco L\u00e1rraga (hermana del alcalde asesinado) se le permiti\u00f3 estar dentro de la sala de juntas por \u201cser de confianza\u201d.<\/p>\n\n\n\n<p>La tarde del mi\u00e9rcoles avanz\u00f3 sin acuerdos, por lo que se decret\u00f3 un receso y la sesi\u00f3n se reanud\u00f3 este jueves. A media ma\u00f1ana una veintena de seguidores de los \u201chermanos Franco\u201d irrumpieron con gritos y forcejeos a la sala de Cabildo. Portaban cartulinas con la frase \u201cKaren presidenta, el pueblo manda\u201d y repudiaron la posibilidad de que un representante de MORENA pudiese ser ungido como nuevo alcalde.<\/p>\n\n\n\n<p>Tras ser desalojado el recinto, regidores, s\u00edndico y secretario del Ayuntamiento pudieron continuar la reuni\u00f3n, y al mediod\u00eda informaron a trav\u00e9s de los medios de comunicaci\u00f3n que Olga Karina Luna Flores fue nombrada como presidenta municipal.<\/p>\n\n\n\n<p>El Cabildo de Tancanhuitz est\u00e1 integrado por seis regidores: Tres son de MORENA, una del Partido Verde, una del PRD y una de Movimiento Ciudadano. Tambi\u00e9n hay un s\u00edndico de MORENA.&nbsp;<\/p>\n\n\n\n<p>A la sesi\u00f3n no acudieron un regidor de MORENA y una regidora del Partido Verde.<\/p>\n","protected":false},"excerpt":{"rendered":"<p>Olga Karina Luna Flores fue nombrada como presidenta municipal de Tancanhuitz, luego de que el pasado domingo fuera asesinato del alcalde Jes\u00fas Eduardo Franco L\u00e1rraga quien apenas llevaba setenta d\u00edas en el cargo.&nbsp; Este jueves se reunieron la mayor\u00eda de quienes integran el Cabildo y de forma colegiada determinaron que Olga Karina Luna Flores (regidora [&hellip;]<\/p>\n","protected":false},"author":4,"featured_media":32424,"comment_status":"closed","ping_status":"closed","sticky":false,"template":"","format":"standard","meta":{"_et_pb_use_builder":"off","_et_pb_old_content":"","_et_gb_content_width":"","footnotes":""},"categories":[412,62],"tags":[],"class_list":["post-32423","post","type-post","status-publish","format-standard","has-post-thumbnail","hentry","category-destacado","category-redaccion"],"_links":{"self":[{"href":"https:\/\/gerardoduque.com.mx\/index.php?rest_route=\/wp\/v2\/posts\/32423","targetHints":{"allow":["GET"]}}],"collection":[{"href":"https:\/\/gerardoduque.com.mx\/index.php?rest_route=\/wp\/v2\/posts"}],"about":[{"href":"https:\/\/gerardoduque.com.mx\/index.php?rest_route=\/wp\/v2\/types\/post"}],"author":[{"embeddable":true,"href":"https:\/\/gerardoduque.com.mx\/index.php?rest_route=\/wp\/v2\/users\/4"}],"replies":[{"embeddable":true,"href":"https:\/\/gerardoduque.com.mx\/index.php?rest_route=%2Fwp%2Fv2%2Fcomments&post=32423"}],"version-history":[{"count":0,"href":"https:\/\/gerardoduque.com.mx\/index.php?rest_route=\/wp\/v2\/posts\/32423\/revisions"}],"wp:featuredmedia":[{"embeddable":true,"href":"https:\/\/gerardoduque.com.mx\/index.php?rest_route=\/wp\/v2\/media\/32424"}],"wp:attachment":[{"href":"https:\/\/gerardoduque.com.mx\/index.php?rest_route=%2Fwp%2Fv2%2Fmedia&parent=32423"}],"wp:term":[{"taxonomy":"category","embeddable":true,"href":"https:\/\/gerardoduque.com.mx\/index.php?rest_route=%2Fwp%2Fv2%2Fcategories&post=32423"},{"taxonomy":"post_tag","embeddable":true,"href":"https:\/\/gerardoduque.com.mx\/index.php?rest_route=%2Fwp%2Fv2%2Ftags&post=32423"}],"curies":[{"name":"wp","href":"https:\/\/api.w.org\/{rel}","templated":true}]}}