{"id":32396,"date":"2024-12-18T18:30:44","date_gmt":"2024-12-19T00:30:44","guid":{"rendered":"https:\/\/gerardoduque.com.mx\/?p=32396"},"modified":"2024-12-18T18:30:48","modified_gmt":"2024-12-19T00:30:48","slug":"eleccion-del-alcalde-sustituto-de-tancanhuitz-se-reanudara-manana","status":"publish","type":"post","link":"https:\/\/gerardoduque.com.mx\/?p=32396","title":{"rendered":"ELECCI\u00d3N DEL ALCALDE SUSTITUTO DE TANCANHUITZ SE REANUDAR\u00c1 MA\u00d1ANA"},"content":{"rendered":"\n<p>La tarde de este mi\u00e9rcoles los regidores y el s\u00edndico del ayuntamiento de Tancanhuitz se reunieron a puerta cerrada para decidir de forma colegiada qu\u00e9 integrante del Cabildo asumir\u00e1 la presidencia municipal tras el asesinato de Jes\u00fas Eduardo Franco L\u00e1rraga, quien ten\u00eda menos de tres meses en el cargo.<\/p>\n\n\n\n<p>La sesi\u00f3n avanz\u00f3 en medio de tensiones entre empleados del Ayuntamiento y con una zozobra que a\u00fan persiste en los pobladores, luego del ataque armado del domingo donde tambi\u00e9n fallecieron tres colaboradores del alcalde.<\/p>\n\n\n\n<p>Al iniciar la reuni\u00f3n de Cabildo el secretario del Ayuntamiento incluso se desmay\u00f3 debido a la presi\u00f3n y el estr\u00e9s. El funcionario debi\u00f3 ser atendido por servicios m\u00e9dicos y m\u00e1s tarde se reanud\u00f3 la sesi\u00f3n. A la directora del DIF municipal (hermana del alcalde asesinado) se le permiti\u00f3 estar dentro de la sala de juntas.<\/p>\n\n\n\n<p>La tarde avanz\u00f3 sin acuerdos, por lo que se decret\u00f3 un receso, y la sesi\u00f3n de Cabildo continuar\u00e1 ma\u00f1ana a las ocho de la ma\u00f1ana.<\/p>\n\n\n\n<p>El Cabildo de Tancanhuitz est\u00e1 integrado por seis regidores: Tres son de MORENA, una del Partido Verde, una del PRD y una de Movimiento Ciudadano. Tambi\u00e9n hay un s\u00edndico de MORENA.&nbsp;<\/p>\n\n\n\n<p>Entre los regidores de MORENA se encuentra Alejandro Aguilar Martel, hijo del ex alcalde Jos\u00e9 Guadalupe Aguilar alias \u201cPepelupe\u201d, quien fue detenido anoche en la capital potosina por presuntamente estar implicado en el asesinato de Jes\u00fas Eduardo Franco L\u00e1rraga y de los tres colaboradores que le acompa\u00f1aban la noche del domingo en que fueron balaceados a bordo de un veh\u00edculo.<\/p>\n\n\n\n<p>El regidor Alejandro Aguilar Martel no acudi\u00f3 a la sesi\u00f3n de Cabildo de hoy, aduciendo contratiempos de \u00edndole personal. Su padre -\u201cPepelupe\u201d- quien es operador pol\u00edtico del c\u00edrculo cercano a la l\u00edder estatal de MORENA -Rita Ozalia Rodr\u00edguez-, ser\u00e1 presentado en las pr\u00f3ximas horas ante un Juez de Control para llevar a cabo la audiencia inicial en la que los agentes fiscales formular\u00e1n las imputaciones correspondientes, inform\u00f3 la Fiscal\u00eda General del Estado el d\u00eda de hoy.<\/p>\n","protected":false},"excerpt":{"rendered":"<p>No hubo acuerdos en la sesi\u00f3n de esta tarde <\/p>\n","protected":false},"author":4,"featured_media":32397,"comment_status":"closed","ping_status":"closed","sticky":false,"template":"","format":"standard","meta":{"_et_pb_use_builder":"off","_et_pb_old_content":"","_et_gb_content_width":"","footnotes":""},"categories":[412,62],"tags":[],"class_list":["post-32396","post","type-post","status-publish","format-standard","has-post-thumbnail","hentry","category-destacado","category-redaccion"],"_links":{"self":[{"href":"https:\/\/gerardoduque.com.mx\/index.php?rest_route=\/wp\/v2\/posts\/32396","targetHints":{"allow":["GET"]}}],"collection":[{"href":"https:\/\/gerardoduque.com.mx\/index.php?rest_route=\/wp\/v2\/posts"}],"about":[{"href":"https:\/\/gerardoduque.com.mx\/index.php?rest_route=\/wp\/v2\/types\/post"}],"author":[{"embeddable":true,"href":"https:\/\/gerardoduque.com.mx\/index.php?rest_route=\/wp\/v2\/users\/4"}],"replies":[{"embeddable":true,"href":"https:\/\/gerardoduque.com.mx\/index.php?rest_route=%2Fwp%2Fv2%2Fcomments&post=32396"}],"version-history":[{"count":0,"href":"https:\/\/gerardoduque.com.mx\/index.php?rest_route=\/wp\/v2\/posts\/32396\/revisions"}],"wp:featuredmedia":[{"embeddable":true,"href":"https:\/\/gerardoduque.com.mx\/index.php?rest_route=\/wp\/v2\/media\/32397"}],"wp:attachment":[{"href":"https:\/\/gerardoduque.com.mx\/index.php?rest_route=%2Fwp%2Fv2%2Fmedia&parent=32396"}],"wp:term":[{"taxonomy":"category","embeddable":true,"href":"https:\/\/gerardoduque.com.mx\/index.php?rest_route=%2Fwp%2Fv2%2Fcategories&post=32396"},{"taxonomy":"post_tag","embeddable":true,"href":"https:\/\/gerardoduque.com.mx\/index.php?rest_route=%2Fwp%2Fv2%2Ftags&post=32396"}],"curies":[{"name":"wp","href":"https:\/\/api.w.org\/{rel}","templated":true}]}}