{"id":32367,"date":"2024-12-17T22:28:52","date_gmt":"2024-12-18T04:28:52","guid":{"rendered":"https:\/\/gerardoduque.com.mx\/?p=32367"},"modified":"2024-12-17T22:28:56","modified_gmt":"2024-12-18T04:28:56","slug":"rita-ozalia-no-acudio-al-funeral-del-alcalde-morenista-asesinado","status":"publish","type":"post","link":"https:\/\/gerardoduque.com.mx\/?p=32367","title":{"rendered":"RITA OZALIA NO ACUDI\u00d3 AL FUNERAL DEL ALCALDE MORENISTA ASESINADO"},"content":{"rendered":"\n<p>Este martes se realiz\u00f3 un homenaje de cuerpo presente al alcalde de Tancanhuitz, quien fue acribillado la noche del domingo junto a su secretario particular y dos escoltas de seguridad.<\/p>\n\n\n\n<p>El cortejo f\u00fanebre acompa\u00f1ado de una banda de viento parti\u00f3 del acceso al pueblo y transit\u00f3 por la calle principal hasta llegar a la explanada de la presidencia municipal.<\/p>\n\n\n\n<p>Frente al acceso principal del ayuntamiento fue colocado el f\u00e9retro, flores y una fotograf\u00eda de Jes\u00fas Eduardo Franco L\u00e1rraga, mientras aplaud\u00edan cientos de presentes que llenaron la plaza p\u00fablica.<\/p>\n\n\n\n<p>Entre los asistentes hab\u00eda empleados de la alcald\u00eda, habitantes de la cabecera y de varias comunidades, as\u00ed como amigos y familiares de Jes\u00fas Eduardo Franco L\u00e1rraga.<\/p>\n\n\n\n<p>A la ceremonia no lleg\u00f3 Rita Ozalia Rodr\u00edguez, dirigente de MORENA. Tampoco acudi\u00f3 alg\u00fan funcionario en representaci\u00f3n del Gobierno del Estado.<\/p>\n","protected":false},"excerpt":{"rendered":"<p>Este martes hubo una ceremonia p\u00fablica de cuerpo presente <\/p>\n","protected":false},"author":4,"featured_media":32368,"comment_status":"closed","ping_status":"closed","sticky":false,"template":"","format":"standard","meta":{"_et_pb_use_builder":"off","_et_pb_old_content":"","_et_gb_content_width":"","footnotes":""},"categories":[412,62],"tags":[],"class_list":["post-32367","post","type-post","status-publish","format-standard","has-post-thumbnail","hentry","category-destacado","category-redaccion"],"_links":{"self":[{"href":"https:\/\/gerardoduque.com.mx\/index.php?rest_route=\/wp\/v2\/posts\/32367","targetHints":{"allow":["GET"]}}],"collection":[{"href":"https:\/\/gerardoduque.com.mx\/index.php?rest_route=\/wp\/v2\/posts"}],"about":[{"href":"https:\/\/gerardoduque.com.mx\/index.php?rest_route=\/wp\/v2\/types\/post"}],"author":[{"embeddable":true,"href":"https:\/\/gerardoduque.com.mx\/index.php?rest_route=\/wp\/v2\/users\/4"}],"replies":[{"embeddable":true,"href":"https:\/\/gerardoduque.com.mx\/index.php?rest_route=%2Fwp%2Fv2%2Fcomments&post=32367"}],"version-history":[{"count":0,"href":"https:\/\/gerardoduque.com.mx\/index.php?rest_route=\/wp\/v2\/posts\/32367\/revisions"}],"wp:featuredmedia":[{"embeddable":true,"href":"https:\/\/gerardoduque.com.mx\/index.php?rest_route=\/wp\/v2\/media\/32368"}],"wp:attachment":[{"href":"https:\/\/gerardoduque.com.mx\/index.php?rest_route=%2Fwp%2Fv2%2Fmedia&parent=32367"}],"wp:term":[{"taxonomy":"category","embeddable":true,"href":"https:\/\/gerardoduque.com.mx\/index.php?rest_route=%2Fwp%2Fv2%2Fcategories&post=32367"},{"taxonomy":"post_tag","embeddable":true,"href":"https:\/\/gerardoduque.com.mx\/index.php?rest_route=%2Fwp%2Fv2%2Ftags&post=32367"}],"curies":[{"name":"wp","href":"https:\/\/api.w.org\/{rel}","templated":true}]}}