{"id":32327,"date":"2024-12-16T17:56:21","date_gmt":"2024-12-16T23:56:21","guid":{"rendered":"https:\/\/gerardoduque.com.mx\/?p=32327"},"modified":"2024-12-16T17:56:51","modified_gmt":"2024-12-16T23:56:51","slug":"dos-militares-acribillados-juntos-al-alcalde-de-tancanhuitz","status":"publish","type":"post","link":"https:\/\/gerardoduque.com.mx\/?p=32327","title":{"rendered":"DOS MILITARES ACRIBILLADOS JUNTO AL ALCALDE DE TANCANHUITZ"},"content":{"rendered":"\n<p>Este lunes se revel\u00f3 la identidad de las tres v\u00edctimas que fallecieron junto al presidente municipal de Tancanhuitz, tras ser emboscados por sujetos armados la noche del domingo sobre la carretera Valles \u2013 Tamazunchale.<\/p>\n\n\n\n<p>Dos de los acompa\u00f1antes del alcalde Jes\u00fas Eduardo Franco L\u00e1rraga se desempe\u00f1aban como sus escoltas de seguridad. Llevaban por nombres Jes\u00fas Cipriano y Jes\u00fas Alan D\u00edaz, y extraoficialmente ha trascendido que integrantes de la Secretar\u00eda de la Defensa Nacional.<\/p>\n\n\n\n<p>Otro de los occisos fue identificado como David Santiago Villalobos. \u00c9l era secretario particular del alcalde asesinado.<\/p>\n\n\n\n<p>Esta tarde en entrevista con reporteros el gobernador Ricardo Gallardo Cardona atribuy\u00f3 este crimen m\u00faltiple a una \u201cri\u00f1a entre particulares\u201d.<\/p>\n\n\n\n<p><strong><em>\u201cFue ri\u00f1a entre particulares, entre misma gente del Cabildo, y bueno pues all\u00ed ya empezaron a caer los responsables, en el d\u00eda yo creo que vamos a tener ya los \u00faltimos dos y bueno pues yo le pido a la gente no politizar los temas\u2026\u201d<\/em><\/strong><\/p>\n\n\n\n<p>Durante la madrugada de este lunes la Secretar\u00eda de Seguridad Estatal y la Fiscal\u00eda General del Estado detuvieron a Manuel \u201cN\u201d, quien presuntamente estar\u00eda vinculado al ataque armado en el que murieron Jes\u00fas Franco y sus tres colaboradores. A\u00f1os atr\u00e1s Manuel \u201cN\u201d fue alcalde del mismo municipio de Tancanhuitz y diputado local.<\/p>\n\n\n\n<p>Tambi\u00e9n se inform\u00f3 que se encuentra pr\u00f3fugo otro de los principales sospechosos del asesinato, quien actualmente es regidor tambi\u00e9n en el ayuntamiento de Tancanhuitz.<\/p>\n\n\n\n<p>Esta tarde, a trav\u00e9s de Facebook el regidor Alejandro Aguilar Martel escribi\u00f3:  <strong><em>\u201cmi conciencia est\u00e1 tranquila y de que soy inocente de lo que se me acusa en medios amarillistas y quiero aclarar que no soy pr\u00f3fugo de la justicia ya que en ning\u00fan momento me han requerido ante las autoridades\u201d<\/em><\/strong>. Esto, luego de darse a conocer la informaci\u00f3n que escuetamente ha estado proporcionado la Fiscal\u00eda General del Estado y el propio gobernador<\/p>\n","protected":false},"excerpt":{"rendered":"<p>Este lunes se revel\u00f3 la identidad de las tres v\u00edctimas que fallecieron junto al presidente municipal de Tancanhuitz, tras ser emboscados por sujetos armados la noche del domingo sobre la carretera Valles \u2013 Tamazunchale. Dos de los acompa\u00f1antes del alcalde Jes\u00fas Eduardo Franco L\u00e1rraga se desempe\u00f1aban como sus escoltas de seguridad. Llevaban por nombres Jes\u00fas [&hellip;]<\/p>\n","protected":false},"author":4,"featured_media":32328,"comment_status":"closed","ping_status":"closed","sticky":false,"template":"","format":"standard","meta":{"_et_pb_use_builder":"off","_et_pb_old_content":"","_et_gb_content_width":"","footnotes":""},"categories":[412,62],"tags":[],"class_list":["post-32327","post","type-post","status-publish","format-standard","has-post-thumbnail","hentry","category-destacado","category-redaccion"],"_links":{"self":[{"href":"https:\/\/gerardoduque.com.mx\/index.php?rest_route=\/wp\/v2\/posts\/32327","targetHints":{"allow":["GET"]}}],"collection":[{"href":"https:\/\/gerardoduque.com.mx\/index.php?rest_route=\/wp\/v2\/posts"}],"about":[{"href":"https:\/\/gerardoduque.com.mx\/index.php?rest_route=\/wp\/v2\/types\/post"}],"author":[{"embeddable":true,"href":"https:\/\/gerardoduque.com.mx\/index.php?rest_route=\/wp\/v2\/users\/4"}],"replies":[{"embeddable":true,"href":"https:\/\/gerardoduque.com.mx\/index.php?rest_route=%2Fwp%2Fv2%2Fcomments&post=32327"}],"version-history":[{"count":0,"href":"https:\/\/gerardoduque.com.mx\/index.php?rest_route=\/wp\/v2\/posts\/32327\/revisions"}],"wp:featuredmedia":[{"embeddable":true,"href":"https:\/\/gerardoduque.com.mx\/index.php?rest_route=\/wp\/v2\/media\/32328"}],"wp:attachment":[{"href":"https:\/\/gerardoduque.com.mx\/index.php?rest_route=%2Fwp%2Fv2%2Fmedia&parent=32327"}],"wp:term":[{"taxonomy":"category","embeddable":true,"href":"https:\/\/gerardoduque.com.mx\/index.php?rest_route=%2Fwp%2Fv2%2Fcategories&post=32327"},{"taxonomy":"post_tag","embeddable":true,"href":"https:\/\/gerardoduque.com.mx\/index.php?rest_route=%2Fwp%2Fv2%2Ftags&post=32327"}],"curies":[{"name":"wp","href":"https:\/\/api.w.org\/{rel}","templated":true}]}}